{"id":6660,"date":"2017-02-24T23:32:00","date_gmt":"2017-02-25T02:32:00","guid":{"rendered":"http:\/\/blogdoedvaldomagalhaes.com.br\/index.php\/2017\/02\/24\/confira-programacao-carnaval-recife-2017\/"},"modified":"2019-02-09T01:18:30","modified_gmt":"2019-02-09T03:18:30","slug":"confira-programacao-carnaval-recife-2017","status":"publish","type":"post","link":"https:\/\/blogdoedvaldomagalhaes.com.br\/index.php\/2017\/02\/24\/confira-programacao-carnaval-recife-2017\/","title":{"rendered":"Confira a programa\u00e7\u00e3o Carnaval Recife 2017"},"content":{"rendered":"<div class=\"separator\" style=\"clear: both; text-align: center;\">\n<a href=\"https:\/\/1.bp.blogspot.com\/-KgAOMsl9CRE\/WLDCbGwKDPI\/AAAAAAAAQiE\/yj7Wavi96l4gwH90NsAHIitb7Ytzlq74ACLcB\/s1600\/carnaval.jpg\" imageanchor=\"1\" style=\"margin-left: 1em; margin-right: 1em;\"><img loading=\"lazy\" decoding=\"async\" border=\"0\" height=\"221\" src=\"http:\/\/blogdoedvaldomagalhaes.com.br\/wp-content\/uploads\/2017\/02\/carnaval-3.jpg\" width=\"400\" \/><\/a><\/div>\n<div style=\"background-color: white; margin-bottom: 6px; text-align: justify;\">\n<\/div>\n<div style=\"background-color: white; margin-bottom: 6px; text-align: justify;\">\nPrograma\u00e7\u00e3o Carnaval Recife 2017.<\/div>\n<div style=\"background-color: white; margin-bottom: 6px; margin-top: 6px; text-align: justify;\">\nA Programa\u00e7\u00e3o no Marco Zero, principal polo de carnaval do Recife, j\u00e1 foi divulgada. Algumas das atra\u00e7\u00f5es em destaque s\u00e3o Alceu Valen\u00e7a, Elba Ramalho, Jota Quest, Tit\u00e3s, Jorge Arag\u00e3o, Vanessa da Mata e Lenine. Confira mais:<\/div>\n<div style=\"background-color: white; margin-bottom: 6px; margin-top: 6px; text-align: justify;\">\nAtra\u00e7\u00f5es Carnaval Recife Antigo \u2013 Sexta 24\/ 02\/ 2017<\/div>\n<div class=\"text_exposed_show\" style=\"background-color: white; display: inline;\">\n<\/p>\n<div style=\"margin-bottom: 6px;\">\n<\/div>\n<div style=\"text-align: justify;\">\n19h00 \u2013 Homenagem a Nana Vasconcelos<\/div>\n<div style=\"text-align: justify;\">\n20h30 \u2013 Tribo Ind\u00edgena Carij\u00f3s do Recife<\/div>\n<div style=\"text-align: justify;\">\n21h00 \u2013 Almir Rouche + Convidados<\/div>\n<div style=\"text-align: justify;\">\n23h00 \u2013 Spok Frevo Orquestra e Ed Carlos<\/div>\n<div style=\"text-align: justify;\">\n00h00 \u2013 Marrom Brasileiro e Non\u00f4 Germano<\/div>\n<p><\/p>\n<div style=\"margin-bottom: 6px; margin-top: 6px; text-align: justify;\">\nAtra\u00e7\u00f5es Carnaval Recife Antigo \u2013 S\u00e1bado 25\/ 02\/ 2017<\/div>\n<div style=\"margin-bottom: 6px; margin-top: 6px;\">\n<\/div>\n<div style=\"text-align: justify;\">\n20h00 \u2013 Orquestra Popular do Recife e Maestro Ademir Ara\u00fajo<\/div>\n<div style=\"text-align: justify;\">\n21h20 \u2013 Coral Edgard Moraes e Nena Queiroga<\/div>\n<div style=\"text-align: justify;\">\n22h40 \u2013 Vanessa da Mata<\/div>\n<div style=\"text-align: justify;\">\n23h59 \u2013 Lenine<\/div>\n<div style=\"text-align: justify;\">\n01h20 \u2013 Gaby Amarantos<\/div>\n<p><\/p>\n<div style=\"margin-bottom: 6px; margin-top: 6px; text-align: justify;\">\nAtra\u00e7\u00f5es Carnaval Recife Antigo \u2013 Domingo 26\/ 02\/ 2017<\/div>\n<div style=\"margin-bottom: 6px; margin-top: 6px;\">\n<\/div>\n<div style=\"text-align: justify;\">\n16h00 \u2013 Ant\u00falio Madureira e Cia Forrobod\u00f3<\/div>\n<div style=\"text-align: justify;\">\n20h00 \u2013 Maestro Duda<\/div>\n<div style=\"text-align: justify;\">\n21h20 \u2013 Karynna Spinnelli e Maestro Forr\u00f3 e Orquestra Pop. da Bomba do Hemet\u00e9rio<\/div>\n<div style=\"text-align: justify;\">\n22h40 \u2013 Andreia Luiza, Belo Xis, Gerlane Lops, Luisa P\u00e9rola, Patusco e Ramos Silva<\/div>\n<div style=\"text-align: justify;\">\n00h10 \u2013 Jorge Arag\u00e3o<\/div>\n<div style=\"text-align: justify;\">\n01h30 \u2013 Leci Brand\u00e3o<\/div>\n<p><\/p>\n<div style=\"margin-bottom: 6px; margin-top: 6px; text-align: justify;\">\nAtra\u00e7\u00f5es Carnaval Recife Antigo \u2013 Segunda 27\/ 02\/ 2017<\/div>\n<div style=\"margin-bottom: 6px; margin-top: 6px;\">\n<\/div>\n<div style=\"text-align: justify;\">\n21h00 \u2013 Gustavo Travassos<\/div>\n<div style=\"text-align: justify;\">\n22h20 \u2013 Orquesta Contempor\u00e2nea de Olinda<\/div>\n<div style=\"text-align: justify;\">\n23h40 \u2013 Tit\u00e3s<\/div>\n<div style=\"text-align: justify;\">\n01h00 \u2013 Jota Quest<\/div>\n<p><\/p>\n<div style=\"margin-bottom: 6px; margin-top: 6px; text-align: justify;\">\nAtra\u00e7\u00f5es Carnaval Recife Antigo \u2013 Ter\u00e7a 28\/ 02\/ 2017<\/div>\n<div style=\"margin-bottom: 6px; margin-top: 6px;\">\n<\/div>\n<div style=\"text-align: justify;\">\n20h00 \u2013 Andr\u00e9 Rio e Luciano Magno<\/div>\n<div style=\"text-align: justify;\">\n21h20 \u2013 Geraldo Azevedo<\/div>\n<div style=\"text-align: justify;\">\n22h40 \u2013 Alceu Valen\u00e7a<\/div>\n<div style=\"text-align: justify;\">\n00h00 \u2013 Elba Ramalho<\/div>\n<div style=\"text-align: justify;\">\n02h30 \u2013 Orquestr\u00e3o<\/div>\n<p><\/p>\n<div style=\"margin-bottom: 6px; margin-top: 6px; text-align: justify;\">\nAlto Jos\u00e9 do Pinho<\/div>\n<div style=\"margin-bottom: 6px; margin-top: 6px; text-align: justify;\">\nDomingo 26\/02: Banda Eddie (20h) , Mundo Livre S\/A (21h40), Devotos (23h) e Lenine (0h).<\/div>\n<div style=\"margin-bottom: 6px; margin-top: 6px; text-align: justify;\">\nPra\u00e7a do Arsenal<\/div>\n<div style=\"margin-bottom: 6px; margin-top: 6px; text-align: justify;\">\nDomingo 26\/02: Tulipa Ruiz e Marcelo Jeneci (23h10)<\/div>\n<div style=\"margin-bottom: 6px; margin-top: 6px; text-align: justify;\">\nBras\u00edlia Teimosa<\/div>\n<div style=\"margin-bottom: 6px; margin-top: 6px; text-align: justify;\">\nSegunda 27\/02: Leci Brand\u00e3o (21h40), Andr\u00e9 Rio (23h) e Almir Rouche (0h).<\/div>\n<div style=\"margin-bottom: 6px; margin-top: 6px; text-align: justify;\">\nCampo Grande<\/div>\n<div style=\"margin-bottom: 6px; margin-top: 6px; text-align: justify;\">\nDomingo 26\/02: Vanessa da Mata (23h) e Nena Queiroga e Ayrton Montarroyos (0h)<\/div>\n<div style=\"margin-bottom: 6px; margin-top: 6px; text-align: justify;\">\nCordeiro<\/div>\n<div style=\"margin-bottom: 6px; margin-top: 6px; text-align: justify;\">\nSegunda 27\/02: Jorge Arag\u00e3o (0h)<\/div>\n<div style=\"margin-bottom: 6px; margin-top: 6px; text-align: justify;\">\nIbura de Baixo<\/div>\n<div style=\"margin-bottom: 6px; margin-top: 6px; text-align: justify;\">\nSegunda 27\/02: Alceu Valen\u00e7a (0h)<\/div>\n<div style=\"margin-bottom: 6px; margin-top: 6px; text-align: justify;\">\nTer\u00e7a 28\/02: Ful\u00f4 de Mandacaru (0h)<\/div>\n<div style=\"margin-bottom: 6px; margin-top: 6px; text-align: justify;\">\nLagoa do Ara\u00e7a<\/div>\n<div style=\"margin-bottom: 6px; margin-top: 6px; text-align: justify;\">\nDomingo 26\/02: Gaby Amarantos (oh)<\/div>\n<div style=\"margin-bottom: 6px; margin-top: 6px; text-align: justify;\">\nLinha do Tiro<\/div>\n<div style=\"margin-bottom: 6px; margin-top: 6px; text-align: justify;\">\nSegunda 27\/02: Elba Ramalho (0h)<\/div>\n<div style=\"margin-bottom: 6px; margin-top: 6px; text-align: justify;\">\nV\u00e1rzea<\/div>\n<div style=\"margin-bottom: 6px; margin-top: 6px; text-align: justify;\">\nDomingo 26\/02: Marron Brasileiro (22h40) e Tit\u00e3s (0h)<\/div>\n<div style=\"margin-bottom: 6px; margin-top: 6px; text-align: justify;\">\nSegunda 27\/02: Devotos (21h20), Tib\u00e9rio Azul (22h40) e Fundo de Quintal (00:00h)<\/p>\n<p>Do Caruaru Hoje<\/p>\n<div class=\"separator\" style=\"clear: both; text-align: center;\">\n<a href=\"http:\/\/blogdoedvaldomagalhaes.com.br\/wp-content\/uploads\/2017\/02\/9-Liberdade-18.jpg\" imageanchor=\"1\" style=\"clear: left; float: left; margin-bottom: 1em; margin-right: 1em;\"><img decoding=\"async\" border=\"0\" src=\"http:\/\/blogdoedvaldomagalhaes.com.br\/wp-content\/uploads\/2017\/02\/9-Liberdade-18.jpg\" \/><\/a><\/div>\n<p><\/div>\n<\/div>\n","protected":false},"excerpt":{"rendered":"<p>Programa\u00e7\u00e3o Carnaval Recife 2017. A Programa\u00e7\u00e3o no Marco Zero, principal polo de carnaval do Recife, j\u00e1 foi divulgada. Algumas das&hellip;<\/p>\n","protected":false},"author":1,"featured_media":0,"comment_status":"open","ping_status":"open","sticky":false,"template":"","format":"standard","meta":{"footnotes":""},"categories":[1],"tags":[992,9046,6],"class_list":["post-6660","post","type-post","status-publish","format-standard","hentry","category-sem-categoria","tag-blog-do-edvaldo-do-magalhaes","tag-confira-a-programacao-carnaval-recife-2017","tag-noticias"],"_links":{"self":[{"href":"https:\/\/blogdoedvaldomagalhaes.com.br\/index.php\/wp-json\/wp\/v2\/posts\/6660","targetHints":{"allow":["GET"]}}],"collection":[{"href":"https:\/\/blogdoedvaldomagalhaes.com.br\/index.php\/wp-json\/wp\/v2\/posts"}],"about":[{"href":"https:\/\/blogdoedvaldomagalhaes.com.br\/index.php\/wp-json\/wp\/v2\/types\/post"}],"author":[{"embeddable":true,"href":"https:\/\/blogdoedvaldomagalhaes.com.br\/index.php\/wp-json\/wp\/v2\/users\/1"}],"replies":[{"embeddable":true,"href":"https:\/\/blogdoedvaldomagalhaes.com.br\/index.php\/wp-json\/wp\/v2\/comments?post=6660"}],"version-history":[{"count":1,"href":"https:\/\/blogdoedvaldomagalhaes.com.br\/index.php\/wp-json\/wp\/v2\/posts\/6660\/revisions"}],"predecessor-version":[{"id":17276,"href":"https:\/\/blogdoedvaldomagalhaes.com.br\/index.php\/wp-json\/wp\/v2\/posts\/6660\/revisions\/17276"}],"wp:attachment":[{"href":"https:\/\/blogdoedvaldomagalhaes.com.br\/index.php\/wp-json\/wp\/v2\/media?parent=6660"}],"wp:term":[{"taxonomy":"category","embeddable":true,"href":"https:\/\/blogdoedvaldomagalhaes.com.br\/index.php\/wp-json\/wp\/v2\/categories?post=6660"},{"taxonomy":"post_tag","embeddable":true,"href":"https:\/\/blogdoedvaldomagalhaes.com.br\/index.php\/wp-json\/wp\/v2\/tags?post=6660"}],"curies":[{"name":"wp","href":"https:\/\/api.w.org\/{rel}","templated":true}]}}