{"id":666,"date":"2018-11-19T19:43:00","date_gmt":"2018-11-19T21:43:00","guid":{"rendered":"http:\/\/blogdoedvaldomagalhaes.com.br\/index.php\/2018\/11\/19\/sismuc-regional-conquista-vitoria-por\/"},"modified":"2019-02-09T02:42:13","modified_gmt":"2019-02-09T04:42:13","slug":"sismuc-regional-conquista-vitoria-por","status":"publish","type":"post","link":"https:\/\/blogdoedvaldomagalhaes.com.br\/index.php\/2018\/11\/19\/sismuc-regional-conquista-vitoria-por\/","title":{"rendered":"SISMUC Regional conquista vit\u00f3ria por unanimidade no TRT-PE"},"content":{"rendered":"<div class=\"separator\" style=\"clear: both; text-align: center;\">\n<a href=\"https:\/\/2.bp.blogspot.com\/-OflS4PvsD-M\/W_MRzKpVi4I\/AAAAAAAA9_E\/B2GAGc8ALrIZg4DZPjVNDp5dSVIsgCmVACLcBGAs\/s1600\/sijmuc.png\" imageanchor=\"1\" style=\"margin-left: 1em; margin-right: 1em;\"><img loading=\"lazy\" decoding=\"async\" border=\"0\" data-original-height=\"153\" data-original-width=\"219\" height=\"449\" src=\"http:\/\/blogdoedvaldomagalhaes.com.br\/wp-content\/uploads\/2018\/11\/sijmuc.png\" width=\"640\" \/><\/a><\/div>\n<div style=\"text-align: justify;\">\n<b>Nota<\/b><\/div>\n<div style=\"text-align: justify;\">\n<\/div>\n<div style=\"text-align: justify;\">\nA JUSTI\u00c7A FEZ JUSTI\u00c7A<\/div>\n<div style=\"text-align: justify;\">\n<\/div>\n<div style=\"text-align: justify;\">\nAp\u00f3s recurso impetrado pelo Sismuc, onde se discutiu a leg\u00edtima representa\u00e7\u00e3o dos professores no munic\u00edpio de Caruaru, finalmente, o Tribunal Regional do Trabalho decidiu por unanimidade, 3 a 0, que o Sismuc Regional \u00e9 o \u00fanico e leg\u00edtimo representante de todos os servidores p\u00fablicos, inclusive de todos os trabalhadores em Educa\u00e7\u00e3o. Sendo assim, n\u00e3o cabendo mais ao Sindupron representar a referida categoria.<\/div>\n<div style=\"text-align: justify;\">\n<\/div>\n<div style=\"text-align: justify;\">\n<b>Palavra do Presidente<\/b><\/div>\n<div style=\"text-align: justify;\">\n<\/div>\n<div style=\"text-align: justify;\">\nO presidente do SISMUC Regional, Eduardo Mendon\u00e7a, comemora a decis\u00e3o judicial: \u201cFinalmente a justi\u00e7a fez justi\u00e7a. Pois nossa hist\u00f3ria de trabalho e luta em prol de todos os servidores, jamais poderia ser deixada de lado ou apagada. Vamos continuar firmes e fortes em defesa de nossa categoria\u201d, afirmou Mendon\u00e7a.<\/div>\n<div style=\"text-align: justify;\">\n<\/div>\n","protected":false},"excerpt":{"rendered":"<p>Nota A JUSTI\u00c7A FEZ JUSTI\u00c7A Ap\u00f3s recurso impetrado pelo Sismuc, onde se discutiu a leg\u00edtima representa\u00e7\u00e3o dos professores no munic\u00edpio&hellip;<\/p>\n","protected":false},"author":1,"featured_media":0,"comment_status":"open","ping_status":"open","sticky":false,"template":"","format":"standard","meta":{"footnotes":""},"categories":[1],"tags":[2,6,602],"class_list":["post-666","post","type-post","status-publish","format-standard","hentry","category-sem-categoria","tag-blog-do-edvaldo-magalhaes","tag-noticias","tag-sismuc-regional-conquista-vitoria-por-unanimidade-no-trt-pe"],"_links":{"self":[{"href":"https:\/\/blogdoedvaldomagalhaes.com.br\/index.php\/wp-json\/wp\/v2\/posts\/666","targetHints":{"allow":["GET"]}}],"collection":[{"href":"https:\/\/blogdoedvaldomagalhaes.com.br\/index.php\/wp-json\/wp\/v2\/posts"}],"about":[{"href":"https:\/\/blogdoedvaldomagalhaes.com.br\/index.php\/wp-json\/wp\/v2\/types\/post"}],"author":[{"embeddable":true,"href":"https:\/\/blogdoedvaldomagalhaes.com.br\/index.php\/wp-json\/wp\/v2\/users\/1"}],"replies":[{"embeddable":true,"href":"https:\/\/blogdoedvaldomagalhaes.com.br\/index.php\/wp-json\/wp\/v2\/comments?post=666"}],"version-history":[{"count":1,"href":"https:\/\/blogdoedvaldomagalhaes.com.br\/index.php\/wp-json\/wp\/v2\/posts\/666\/revisions"}],"predecessor-version":[{"id":36014,"href":"https:\/\/blogdoedvaldomagalhaes.com.br\/index.php\/wp-json\/wp\/v2\/posts\/666\/revisions\/36014"}],"wp:attachment":[{"href":"https:\/\/blogdoedvaldomagalhaes.com.br\/index.php\/wp-json\/wp\/v2\/media?parent=666"}],"wp:term":[{"taxonomy":"category","embeddable":true,"href":"https:\/\/blogdoedvaldomagalhaes.com.br\/index.php\/wp-json\/wp\/v2\/categories?post=666"},{"taxonomy":"post_tag","embeddable":true,"href":"https:\/\/blogdoedvaldomagalhaes.com.br\/index.php\/wp-json\/wp\/v2\/tags?post=666"}],"curies":[{"name":"wp","href":"https:\/\/api.w.org\/{rel}","templated":true}]}}