{"id":66500,"date":"2021-01-29T21:20:24","date_gmt":"2021-01-30T00:20:24","guid":{"rendered":"https:\/\/blogdoedvaldomagalhaes.com.br\/?p=66500"},"modified":"2021-01-29T21:32:27","modified_gmt":"2021-01-30T00:32:27","slug":"paixao-de-cristo-de-nova-jerusalem-e-adiada-para-2022","status":"publish","type":"post","link":"https:\/\/blogdoedvaldomagalhaes.com.br\/index.php\/2021\/01\/29\/paixao-de-cristo-de-nova-jerusalem-e-adiada-para-2022\/","title":{"rendered":"Paix\u00e3o de Cristo de Nova Jerusal\u00e9m \u00e9 adiada para 2022"},"content":{"rendered":"<p style=\"text-align: justify;\">Por causa da pandemia do novo coronavirus, neste ano de 2021 n\u00e3o haver\u00e1 a temporada da Paix\u00e3o de Cristo em Nova Jerusal\u00e9m, no Distrito de Fazenda Nova, em Brejo da Madre de Deus. O espet\u00e1culo deste ano, foi adiado para 2022.<\/p>\n<div style=\"text-align: justify;\">Em cumprimento as medidas preventivas adotadas pelo Governo do Estado de Pernambuco com o objetivo de combater a expans\u00e3o do cont\u00e1gio pelo coronav\u00edrus, a Sociedade Teatral de Fazenda Nova resolveu adiar a temporada 2021 da Paix\u00e3o de Cristo de Nova Jerusal\u00e9m.<\/div>\n<div style=\"text-align: justify;\">\u00a0<\/div>\n<div style=\"text-align: justify;\">\u201cA Nova Jerusal\u00e9m, constru\u00edda pelos meus pais Pl\u00ednio e Diva Pacheco, \u00e9 resultado de uma semeadura regada com suor e l\u00e1grimas que fez brotar um fruto de valor inestim\u00e1vel para a cultura, o entretenimento e celebra\u00e7\u00e3o da f\u00e9 dos pernambucanos. As lutas, portanto, fazem parte da nossa hist\u00f3ria. Por isso vamos para mais essa batalha realizando o dobro do esfor\u00e7o normal a fim de entregar ao p\u00fablico um espet\u00e1culo digno da tradi\u00e7\u00e3o e do prest\u00edgio conquistado pela Nova Jerusal\u00e9m ao longo de sua hist\u00f3ria\u201d, destacou Pacheco.<\/div>\n\n\n<figure class=\"wp-block-image size-large\"><img loading=\"lazy\" decoding=\"async\" width=\"713\" height=\"931\" src=\"https:\/\/blogdoedvaldomagalhaes.com.br\/wp-content\/uploads\/2021\/01\/IMG-20210129-WA0138.jpg\" alt=\"\" class=\"wp-image-66502\" srcset=\"https:\/\/blogdoedvaldomagalhaes.com.br\/wp-content\/uploads\/2021\/01\/IMG-20210129-WA0138.jpg 713w, https:\/\/blogdoedvaldomagalhaes.com.br\/wp-content\/uploads\/2021\/01\/IMG-20210129-WA0138-230x300.jpg 230w\" sizes=\"auto, (max-width: 713px) 100vw, 713px\" \/><\/figure>\n","protected":false},"excerpt":{"rendered":"<p>Por causa da pandemia do novo coronavirus, neste ano de 2021 n\u00e3o haver\u00e1 a temporada da Paix\u00e3o de Cristo em&hellip;<\/p>\n","protected":false},"author":1,"featured_media":66501,"comment_status":"open","ping_status":"open","sticky":false,"template":"","format":"standard","meta":{"footnotes":""},"categories":[14120],"tags":[2,19532,20751],"class_list":["post-66500","post","type-post","status-publish","format-standard","has-post-thumbnail","hentry","category-noticias","tag-blog-do-edvaldo-magalhaes","tag-blog-mais-acessado-e-visualizado-de-caruaru-e-regiao","tag-paixao-de-cristo-de-nova-jerusalem-e-adiada-para-2022"],"_links":{"self":[{"href":"https:\/\/blogdoedvaldomagalhaes.com.br\/index.php\/wp-json\/wp\/v2\/posts\/66500","targetHints":{"allow":["GET"]}}],"collection":[{"href":"https:\/\/blogdoedvaldomagalhaes.com.br\/index.php\/wp-json\/wp\/v2\/posts"}],"about":[{"href":"https:\/\/blogdoedvaldomagalhaes.com.br\/index.php\/wp-json\/wp\/v2\/types\/post"}],"author":[{"embeddable":true,"href":"https:\/\/blogdoedvaldomagalhaes.com.br\/index.php\/wp-json\/wp\/v2\/users\/1"}],"replies":[{"embeddable":true,"href":"https:\/\/blogdoedvaldomagalhaes.com.br\/index.php\/wp-json\/wp\/v2\/comments?post=66500"}],"version-history":[{"count":2,"href":"https:\/\/blogdoedvaldomagalhaes.com.br\/index.php\/wp-json\/wp\/v2\/posts\/66500\/revisions"}],"predecessor-version":[{"id":66505,"href":"https:\/\/blogdoedvaldomagalhaes.com.br\/index.php\/wp-json\/wp\/v2\/posts\/66500\/revisions\/66505"}],"wp:featuredmedia":[{"embeddable":true,"href":"https:\/\/blogdoedvaldomagalhaes.com.br\/index.php\/wp-json\/wp\/v2\/media\/66501"}],"wp:attachment":[{"href":"https:\/\/blogdoedvaldomagalhaes.com.br\/index.php\/wp-json\/wp\/v2\/media?parent=66500"}],"wp:term":[{"taxonomy":"category","embeddable":true,"href":"https:\/\/blogdoedvaldomagalhaes.com.br\/index.php\/wp-json\/wp\/v2\/categories?post=66500"},{"taxonomy":"post_tag","embeddable":true,"href":"https:\/\/blogdoedvaldomagalhaes.com.br\/index.php\/wp-json\/wp\/v2\/tags?post=66500"}],"curies":[{"name":"wp","href":"https:\/\/api.w.org\/{rel}","templated":true}]}}