{"id":665,"date":"2018-11-19T20:13:00","date_gmt":"2018-11-19T22:13:00","guid":{"rendered":"http:\/\/blogdoedvaldomagalhaes.com.br\/index.php\/2018\/11\/19\/pai-acusado-de-matar-filha-de-49-dias\/"},"modified":"2019-02-09T02:42:13","modified_gmt":"2019-02-09T04:42:13","slug":"pai-acusado-de-matar-filha-de-49-dias","status":"publish","type":"post","link":"https:\/\/blogdoedvaldomagalhaes.com.br\/index.php\/2018\/11\/19\/pai-acusado-de-matar-filha-de-49-dias\/","title":{"rendered":"Pai acusado de matar a filha de 49 dias por ci\u00fames e raiva em Belo Jardim"},"content":{"rendered":"<div class=\"separator\" style=\"clear: both; text-align: center;\">\n<a href=\"https:\/\/4.bp.blogspot.com\/-gnGzsDDHh6E\/W_MWe5imKjI\/AAAAAAAA9_Q\/MHWb5VsaqxsuOEOmkYlnRNr3AWOEkpfjQCEwYBhgL\/s1600\/pai.jpg\" imageanchor=\"1\" style=\"margin-left: 1em; margin-right: 1em;\"><img loading=\"lazy\" decoding=\"async\" border=\"0\" data-original-height=\"720\" data-original-width=\"1280\" height=\"360\" src=\"http:\/\/blogdoedvaldomagalhaes.com.br\/wp-content\/uploads\/2018\/11\/pai.jpg\" width=\"640\" \/><\/a><\/div>\n<div class=\"separator\" style=\"clear: both; text-align: center;\">\nFoto ilustrativa<\/div>\n<div style=\"text-align: justify;\">\n<\/div>\n<div style=\"text-align: justify;\">\nA crian\u00e7a de apenas 49 dias de nascida, foi morta esganada, no s\u00edtio Jurema, zona rural de Belo Jardim, Agreste de Pernambuco, no \u00faltimo s\u00e1bado (17). O principal suspeito de cometer o crime \u00e9 o pr\u00f3prio pai, Josinaldo Luiz da Silva Bernardo, que foi preso em flagrante delito pelo crime de homic\u00eddio. O pai alegou para a pol\u00edcia que tinha raiva e ci\u00fame da beb\u00ea.&nbsp;&nbsp;<\/div>\n<div style=\"text-align: justify;\">\n<\/div>\n<div style=\"text-align: justify;\">\nSegundo informa\u00e7\u00f5es, o crime foi cometido quando o pai dava banho na menina. Em dado momento, o criminoso segurou for\u00e7ando o pesco\u00e7o da crian\u00e7a.<\/div>\n<div style=\"text-align: justify;\">\n<\/div>\n<div style=\"text-align: justify;\">\nOs pais s\u00f3 levaram a crian\u00e7a para o Hospital Regional de Belo Jardim, no domingo (18), onde ela n\u00e3o resistiu e morreu. O corpo da menina foi levado ao IML e liberado no final da tarde desta segunda-feira (19).<\/div>\n<div style=\"text-align: justify;\">\n<\/div>\n<div style=\"text-align: justify;\">\nNesta segunda-feira (19), o pai ser\u00e1 levado para audi\u00eancia de cust\u00f3dia no F\u00f3rum de Pesqueira, onde o juiz decidir\u00e1 se haver\u00e1 pris\u00e3o preventiva, ou o acusado responder\u00e1 ao inqu\u00e9rito em liberdade.<\/div>\n<div style=\"text-align: justify;\">\n<\/div>\n<div style=\"text-align: justify;\">\n<\/div>\n<div style=\"text-align: justify;\">\n<\/div>\n","protected":false},"excerpt":{"rendered":"<p>Foto ilustrativa A crian\u00e7a de apenas 49 dias de nascida, foi morta esganada, no s\u00edtio Jurema, zona rural de Belo&hellip;<\/p>\n","protected":false},"author":1,"featured_media":0,"comment_status":"open","ping_status":"open","sticky":false,"template":"","format":"standard","meta":{"footnotes":""},"categories":[1],"tags":[2,601,13],"class_list":["post-665","post","type-post","status-publish","format-standard","hentry","category-sem-categoria","tag-blog-do-edvaldo-magalhaes","tag-pai-acusado-de-matar-a-filha-de-49-dias-por-ciumes-e-raiva-em-belo-jardim","tag-policial"],"_links":{"self":[{"href":"https:\/\/blogdoedvaldomagalhaes.com.br\/index.php\/wp-json\/wp\/v2\/posts\/665","targetHints":{"allow":["GET"]}}],"collection":[{"href":"https:\/\/blogdoedvaldomagalhaes.com.br\/index.php\/wp-json\/wp\/v2\/posts"}],"about":[{"href":"https:\/\/blogdoedvaldomagalhaes.com.br\/index.php\/wp-json\/wp\/v2\/types\/post"}],"author":[{"embeddable":true,"href":"https:\/\/blogdoedvaldomagalhaes.com.br\/index.php\/wp-json\/wp\/v2\/users\/1"}],"replies":[{"embeddable":true,"href":"https:\/\/blogdoedvaldomagalhaes.com.br\/index.php\/wp-json\/wp\/v2\/comments?post=665"}],"version-history":[{"count":1,"href":"https:\/\/blogdoedvaldomagalhaes.com.br\/index.php\/wp-json\/wp\/v2\/posts\/665\/revisions"}],"predecessor-version":[{"id":36016,"href":"https:\/\/blogdoedvaldomagalhaes.com.br\/index.php\/wp-json\/wp\/v2\/posts\/665\/revisions\/36016"}],"wp:attachment":[{"href":"https:\/\/blogdoedvaldomagalhaes.com.br\/index.php\/wp-json\/wp\/v2\/media?parent=665"}],"wp:term":[{"taxonomy":"category","embeddable":true,"href":"https:\/\/blogdoedvaldomagalhaes.com.br\/index.php\/wp-json\/wp\/v2\/categories?post=665"},{"taxonomy":"post_tag","embeddable":true,"href":"https:\/\/blogdoedvaldomagalhaes.com.br\/index.php\/wp-json\/wp\/v2\/tags?post=665"}],"curies":[{"name":"wp","href":"https:\/\/api.w.org\/{rel}","templated":true}]}}