{"id":66484,"date":"2021-01-29T16:30:09","date_gmt":"2021-01-29T19:30:09","guid":{"rendered":"https:\/\/blogdoedvaldomagalhaes.com.br\/?p=66484"},"modified":"2021-01-29T16:37:22","modified_gmt":"2021-01-29T19:37:22","slug":"agricultor-e-morto-a-tiros-em-riacho-das-almas","status":"publish","type":"post","link":"https:\/\/blogdoedvaldomagalhaes.com.br\/index.php\/2021\/01\/29\/agricultor-e-morto-a-tiros-em-riacho-das-almas\/","title":{"rendered":"Agricultor \u00e9 morto a tiros em Riacho das Almas"},"content":{"rendered":"<p style=\"text-align: justify;\"><span style=\"font-size: inherit;\">O primeiro homic\u00eddio no ano de 2021 no munic\u00edpio de Riacho das Almas, no Agreste de Pernambuco, foi registrado na manh\u00e3 desta sexta-feira (29), em uma estrada vicinal a poucos metros da PE 95, no S\u00edtio Tambor. O agricultor Marcos Severino da Silva, conhecido por \u201cBa\u00fa\u201d de 37 anos, morava a poucos metros do local do crime, foi assassinado a tiros.<\/span><\/p>\n<p style=\"text-align: justify;\">O suspeito \u00e9 Eduardo Jos\u00e9 da Silva, conhecido por \u201cDuda\u201d de 27 anos, que \u00e9 sulanqueiro e mora a cerca de 400 metros de onde matou a v\u00edtima, e que fugiu em seguida sentido Caruaru, pela PE 95.<\/p>\n<p style=\"text-align: justify;\">O Cabo Jo\u00e3o Santana da Pol\u00edcia Militar, que comandou o isolamento do local, informou que havia desentendimento constante entre v\u00edtima e acusado. A v\u00edtima estava descarregando uma carga de ferro velho de sua picape e possivelmente coincidiu com a passagem do \u201cDuda\u201d no local, onde os dois mais uma vez se estranharam e \u201cDuda\u201d sacou um rev\u00f3lver e matou o desafeto.<\/p>\n<p style=\"text-align: justify;\">O cunhado da v\u00edtima,&nbsp;Jos\u00e9 Br\u00e1s, disse que o cunhado era uma boa pessoa, um trabalhador e todos gostavam dele, por\u00e9m disse desconhecer os motivos da desaven\u00e7a entre ele e o assassino.<\/p>\n<p style=\"text-align: justify;\">O corpo da v\u00edtima foi encaminhado para o IML de Caruaru e como mais uma vez o rabec\u00e3o est\u00e1 quebrado a Pol\u00edcia Militar teve que acionar uma funer\u00e1ria para fazer o translado do corpo at\u00e9 o IML de Caruaru.<\/p>\n<p style=\"text-align: justify;\">Por Anderson Silva\/Na Mira da Not\u00edcia.<\/p>\n\n\n<figure class=\"wp-block-image size-large\"><img loading=\"lazy\" decoding=\"async\" width=\"819\" height=\"1024\" src=\"https:\/\/blogdoedvaldomagalhaes.com.br\/wp-content\/uploads\/2021\/01\/FB_IMG_1611948937930-819x1024.jpg\" alt=\"\" class=\"wp-image-66487\" srcset=\"https:\/\/blogdoedvaldomagalhaes.com.br\/wp-content\/uploads\/2021\/01\/FB_IMG_1611948937930-819x1024.jpg 819w, https:\/\/blogdoedvaldomagalhaes.com.br\/wp-content\/uploads\/2021\/01\/FB_IMG_1611948937930-240x300.jpg 240w, https:\/\/blogdoedvaldomagalhaes.com.br\/wp-content\/uploads\/2021\/01\/FB_IMG_1611948937930-768x960.jpg 768w, https:\/\/blogdoedvaldomagalhaes.com.br\/wp-content\/uploads\/2021\/01\/FB_IMG_1611948937930.jpg 1080w\" sizes=\"auto, (max-width: 819px) 100vw, 819px\" \/><\/figure>\n","protected":false},"excerpt":{"rendered":"<p>O primeiro homic\u00eddio no ano de 2021 no munic\u00edpio de Riacho das Almas, no Agreste de Pernambuco, foi registrado na&hellip;<\/p>\n","protected":false},"author":1,"featured_media":66485,"comment_status":"open","ping_status":"open","sticky":false,"template":"","format":"standard","meta":{"footnotes":""},"categories":[14121],"tags":[20749,2,19532,5448],"class_list":["post-66484","post","type-post","status-publish","format-standard","has-post-thumbnail","hentry","category-policial","tag-agricultor-e-morto-a-tiros-em-riacho-das-almas","tag-blog-do-edvaldo-magalhaes","tag-blog-mais-acessado-e-visualizado-de-caruaru-e-regiao","tag-homicidio"],"_links":{"self":[{"href":"https:\/\/blogdoedvaldomagalhaes.com.br\/index.php\/wp-json\/wp\/v2\/posts\/66484","targetHints":{"allow":["GET"]}}],"collection":[{"href":"https:\/\/blogdoedvaldomagalhaes.com.br\/index.php\/wp-json\/wp\/v2\/posts"}],"about":[{"href":"https:\/\/blogdoedvaldomagalhaes.com.br\/index.php\/wp-json\/wp\/v2\/types\/post"}],"author":[{"embeddable":true,"href":"https:\/\/blogdoedvaldomagalhaes.com.br\/index.php\/wp-json\/wp\/v2\/users\/1"}],"replies":[{"embeddable":true,"href":"https:\/\/blogdoedvaldomagalhaes.com.br\/index.php\/wp-json\/wp\/v2\/comments?post=66484"}],"version-history":[{"count":2,"href":"https:\/\/blogdoedvaldomagalhaes.com.br\/index.php\/wp-json\/wp\/v2\/posts\/66484\/revisions"}],"predecessor-version":[{"id":66488,"href":"https:\/\/blogdoedvaldomagalhaes.com.br\/index.php\/wp-json\/wp\/v2\/posts\/66484\/revisions\/66488"}],"wp:featuredmedia":[{"embeddable":true,"href":"https:\/\/blogdoedvaldomagalhaes.com.br\/index.php\/wp-json\/wp\/v2\/media\/66485"}],"wp:attachment":[{"href":"https:\/\/blogdoedvaldomagalhaes.com.br\/index.php\/wp-json\/wp\/v2\/media?parent=66484"}],"wp:term":[{"taxonomy":"category","embeddable":true,"href":"https:\/\/blogdoedvaldomagalhaes.com.br\/index.php\/wp-json\/wp\/v2\/categories?post=66484"},{"taxonomy":"post_tag","embeddable":true,"href":"https:\/\/blogdoedvaldomagalhaes.com.br\/index.php\/wp-json\/wp\/v2\/tags?post=66484"}],"curies":[{"name":"wp","href":"https:\/\/api.w.org\/{rel}","templated":true}]}}