{"id":66481,"date":"2021-01-29T15:35:21","date_gmt":"2021-01-29T18:35:21","guid":{"rendered":"https:\/\/blogdoedvaldomagalhaes.com.br\/?p=66481"},"modified":"2021-01-29T15:35:23","modified_gmt":"2021-01-29T18:35:23","slug":"tecnica-de-enfermagem-e-afastada-apos-fingir-aplicacao-de-vacina-contra-covid-19-em-idosa","status":"publish","type":"post","link":"https:\/\/blogdoedvaldomagalhaes.com.br\/index.php\/2021\/01\/29\/tecnica-de-enfermagem-e-afastada-apos-fingir-aplicacao-de-vacina-contra-covid-19-em-idosa\/","title":{"rendered":"T\u00e9cnica de enfermagem \u00e9 afastada ap\u00f3s fingir aplica\u00e7\u00e3o de vacina contra covid-19 em idosa"},"content":{"rendered":"<p style=\"text-align: justify;\">Uma t\u00e9cnica de enfermagem de Macei\u00f3, em Alagoas, foi afastada de sua fun\u00e7\u00e3o ap\u00f3s simular a aplica\u00e7\u00e3o de uma vacina contra Covid-19 em uma em idosa de 97 anos, de acordo com o portal Uol. A mulher teve o bra\u00e7o esquerdo furado pela agulha, mas o l\u00edquido da vacina n\u00e3o foi injetado.<\/p>\n<p style=\"text-align: justify;\">Ap\u00f3s a constata\u00e7\u00e3o do ocorrido, gravado em v\u00eddeo pela cuidadora da idosa, ela teve o imunizante aplicado novamente por outro profissional. O Minist\u00e9rio P\u00fablico do Estado de Alagoas (MPE-AL) vai instaurar uma Not\u00edcia de Fato e apurar o que aconteceu. O nome da idosa n\u00e3o foi divulgado pela fam\u00edlia para preservar sua identidade.<\/p>\n<p style=\"text-align: justify;\">A prefeitura de Macei\u00f3 afirmou tratar-se de \u201cum caso isolado\u201d e que o Minist\u00e9rio P\u00fablico Estadual foi acionado para investigar o caso. No Twitter, o prefeito da cidade, Jo\u00e3o Henrique Caldas (PSB), disse que vai aumentar a fiscaliza\u00e7\u00e3o do protocolo de vacina\u00e7\u00e3o.<\/p>\n<p style=\"text-align: justify;\">\u201cA partir de agora, o profissional de sa\u00fade ter\u00e1 que mostrar a seringa cheia antes da aplica\u00e7\u00e3o e vazia ap\u00f3s o procedimento\u201d, disse o prefeito.<\/p>\n<p>Foto: Reprodu\u00e7\u00e3o\/Twitter.<\/p>\n","protected":false},"excerpt":{"rendered":"<p>Uma t\u00e9cnica de enfermagem de Macei\u00f3, em Alagoas, foi afastada de sua fun\u00e7\u00e3o ap\u00f3s simular a aplica\u00e7\u00e3o de uma vacina&hellip;<\/p>\n","protected":false},"author":1,"featured_media":66482,"comment_status":"open","ping_status":"open","sticky":false,"template":"","format":"standard","meta":{"footnotes":""},"categories":[14120],"tags":[2,19532,19670,20748],"class_list":["post-66481","post","type-post","status-publish","format-standard","has-post-thumbnail","hentry","category-noticias","tag-blog-do-edvaldo-magalhaes","tag-blog-mais-acessado-e-visualizado-de-caruaru-e-regiao","tag-novo-coronavirus","tag-tecnica-de-enfermagem-e-afastada-apos-fingir-aplicacao-de-vacina-contra-covid-19-em-idosa"],"_links":{"self":[{"href":"https:\/\/blogdoedvaldomagalhaes.com.br\/index.php\/wp-json\/wp\/v2\/posts\/66481","targetHints":{"allow":["GET"]}}],"collection":[{"href":"https:\/\/blogdoedvaldomagalhaes.com.br\/index.php\/wp-json\/wp\/v2\/posts"}],"about":[{"href":"https:\/\/blogdoedvaldomagalhaes.com.br\/index.php\/wp-json\/wp\/v2\/types\/post"}],"author":[{"embeddable":true,"href":"https:\/\/blogdoedvaldomagalhaes.com.br\/index.php\/wp-json\/wp\/v2\/users\/1"}],"replies":[{"embeddable":true,"href":"https:\/\/blogdoedvaldomagalhaes.com.br\/index.php\/wp-json\/wp\/v2\/comments?post=66481"}],"version-history":[{"count":1,"href":"https:\/\/blogdoedvaldomagalhaes.com.br\/index.php\/wp-json\/wp\/v2\/posts\/66481\/revisions"}],"predecessor-version":[{"id":66483,"href":"https:\/\/blogdoedvaldomagalhaes.com.br\/index.php\/wp-json\/wp\/v2\/posts\/66481\/revisions\/66483"}],"wp:featuredmedia":[{"embeddable":true,"href":"https:\/\/blogdoedvaldomagalhaes.com.br\/index.php\/wp-json\/wp\/v2\/media\/66482"}],"wp:attachment":[{"href":"https:\/\/blogdoedvaldomagalhaes.com.br\/index.php\/wp-json\/wp\/v2\/media?parent=66481"}],"wp:term":[{"taxonomy":"category","embeddable":true,"href":"https:\/\/blogdoedvaldomagalhaes.com.br\/index.php\/wp-json\/wp\/v2\/categories?post=66481"},{"taxonomy":"post_tag","embeddable":true,"href":"https:\/\/blogdoedvaldomagalhaes.com.br\/index.php\/wp-json\/wp\/v2\/tags?post=66481"}],"curies":[{"name":"wp","href":"https:\/\/api.w.org\/{rel}","templated":true}]}}