{"id":66478,"date":"2021-01-29T14:33:05","date_gmt":"2021-01-29T17:33:05","guid":{"rendered":"https:\/\/blogdoedvaldomagalhaes.com.br\/?p=66478"},"modified":"2021-01-29T14:33:07","modified_gmt":"2021-01-29T17:33:07","slug":"vereador-jorge-quintino-faz-balanco-de-atividades-do-primeiro-mes-de-mandato","status":"publish","type":"post","link":"https:\/\/blogdoedvaldomagalhaes.com.br\/index.php\/2021\/01\/29\/vereador-jorge-quintino-faz-balanco-de-atividades-do-primeiro-mes-de-mandato\/","title":{"rendered":"Vereador Jorge Quintino faz balan\u00e7o de atividades do primeiro m\u00eas de mandato"},"content":{"rendered":"<p style=\"text-align: justify;\"><span style=\"font-size: inherit;\">Na \u00faltima Sess\u00e3o Virtual do m\u00eas, realizada ontem (28), o vereador Jorge Quintino fez um balan\u00e7o de suas atividades \u00e0 popula\u00e7\u00e3o de Caruaru.<\/span><\/p>\n<p style=\"text-align: justify;\">\u201cForam 20 requerimentos (que \u00e9 o limite permitido\/m\u00eas) na Casa Legislativa, dos quais mais da metade j\u00e1 foram solucionados atrav\u00e9s de parceria com as secretarias do munic\u00edpio.<br \/>\nIndiretamente, solucionamos mais de 30 solicita\u00e7\u00f5es da popula\u00e7\u00e3o (quest\u00f5es de acessibilidade, esgoto, ilumina\u00e7\u00e3o, dentre outros&#8230;)\u201d, disse Jorge.<\/p>\n<p style=\"text-align: justify;\">Entre os requerimentos que ainda est\u00e3o pendentes, de acordo com o vereador por necessitarem de um estudo mais aprofundado pelo Executivo, est\u00e3o as solicita\u00e7\u00f5es de mais pra\u00e7as e parques para a cidade.<\/p>\n<p style=\"text-align: justify;\">\u201cComo voc\u00eas j\u00e1 sabem, sempre defendi o aproveitamento dos espa\u00e7os verdes, que permitem maior sustentabilidade e beneficiam a sa\u00fade preventiva e mental para popula\u00e7\u00e3o de nossa cidade. Priorizei visitas aos secret\u00e1rios, a fim de criar um bom relacionamento com todos e fico feliz em dizer obtive \u00eaxito nesse objetivo. Mas, al\u00e9m disso, procurei tamb\u00e9m ter um di\u00e1logo com a sociedade civil organizada, membros do CONDEMA e do Conselho de Educa\u00e7\u00e3o, para ouvir e viabilizar solu\u00e7\u00f5es atrav\u00e9s de nosso mandato\u201d, completou o vereador.<\/p>\n<p style=\"text-align: justify;\">No que se refere \u00e0 sa\u00fade, Jorge Quintino apresentou o Projeto de Lei 8763\/2021 ( Disp\u00f5e sobre a conscientiza\u00e7\u00e3o da \u201cFibromialgia\u201d e o reconhecimento da \u201cSemana Roxa\u201d). O vereador tamb\u00e9m apresentou o requerimento 423\/2021, destinado ao Executivo. Ambos beneficiam os portadores de fibromialgia, uma doen\u00e7a reumatol\u00f3gica, pouco divulgada e de dif\u00edcil diagn\u00f3stico, mas que atinge grande parte da popula\u00e7\u00e3o de nosso munic\u00edpio.<\/p>\n<p style=\"text-align: justify;\">\u201cIdentifiquei que os portadores da fibromialgia, precisam ter uma melhor acessibilidade \u00e0 v\u00e1rios lugares, pois s\u00e3o acometidos de uma dor cr\u00f4nica e, o pior de tudo isso, a doen\u00e7a n\u00e3o tem cura. Fizemos tamb\u00e9m requerimento\/apelo \u00e0 prefeita Raquel Lyra, para que possa ser disponibilizado tanto uma carteira de identifica\u00e7\u00e3o quanto outros benef\u00edcios para esses portadores\u201d, finalizou Jorge Quintino.<\/p>\n","protected":false},"excerpt":{"rendered":"<p>Na \u00faltima Sess\u00e3o Virtual do m\u00eas, realizada ontem (28), o vereador Jorge Quintino fez um balan\u00e7o de suas atividades \u00e0&hellip;<\/p>\n","protected":false},"author":1,"featured_media":66479,"comment_status":"open","ping_status":"open","sticky":false,"template":"","format":"standard","meta":{"footnotes":""},"categories":[14122],"tags":[2,19532,20747],"class_list":["post-66478","post","type-post","status-publish","format-standard","has-post-thumbnail","hentry","category-politica","tag-blog-do-edvaldo-magalhaes","tag-blog-mais-acessado-e-visualizado-de-caruaru-e-regiao","tag-vereador-jorge-quintino-faz-balanco-de-atividades-do-primeiro-mes-de-mandato"],"_links":{"self":[{"href":"https:\/\/blogdoedvaldomagalhaes.com.br\/index.php\/wp-json\/wp\/v2\/posts\/66478","targetHints":{"allow":["GET"]}}],"collection":[{"href":"https:\/\/blogdoedvaldomagalhaes.com.br\/index.php\/wp-json\/wp\/v2\/posts"}],"about":[{"href":"https:\/\/blogdoedvaldomagalhaes.com.br\/index.php\/wp-json\/wp\/v2\/types\/post"}],"author":[{"embeddable":true,"href":"https:\/\/blogdoedvaldomagalhaes.com.br\/index.php\/wp-json\/wp\/v2\/users\/1"}],"replies":[{"embeddable":true,"href":"https:\/\/blogdoedvaldomagalhaes.com.br\/index.php\/wp-json\/wp\/v2\/comments?post=66478"}],"version-history":[{"count":1,"href":"https:\/\/blogdoedvaldomagalhaes.com.br\/index.php\/wp-json\/wp\/v2\/posts\/66478\/revisions"}],"predecessor-version":[{"id":66480,"href":"https:\/\/blogdoedvaldomagalhaes.com.br\/index.php\/wp-json\/wp\/v2\/posts\/66478\/revisions\/66480"}],"wp:featuredmedia":[{"embeddable":true,"href":"https:\/\/blogdoedvaldomagalhaes.com.br\/index.php\/wp-json\/wp\/v2\/media\/66479"}],"wp:attachment":[{"href":"https:\/\/blogdoedvaldomagalhaes.com.br\/index.php\/wp-json\/wp\/v2\/media?parent=66478"}],"wp:term":[{"taxonomy":"category","embeddable":true,"href":"https:\/\/blogdoedvaldomagalhaes.com.br\/index.php\/wp-json\/wp\/v2\/categories?post=66478"},{"taxonomy":"post_tag","embeddable":true,"href":"https:\/\/blogdoedvaldomagalhaes.com.br\/index.php\/wp-json\/wp\/v2\/tags?post=66478"}],"curies":[{"name":"wp","href":"https:\/\/api.w.org\/{rel}","templated":true}]}}