{"id":66446,"date":"2021-01-28T17:49:14","date_gmt":"2021-01-28T20:49:14","guid":{"rendered":"https:\/\/blogdoedvaldomagalhaes.com.br\/?p=66446"},"modified":"2021-01-28T19:55:11","modified_gmt":"2021-01-28T22:55:11","slug":"carnaval-2021-ponto-facultativo-e-suspenso-e-servidores-publicos-vao-trabalhar-normalmente","status":"publish","type":"post","link":"https:\/\/blogdoedvaldomagalhaes.com.br\/index.php\/2021\/01\/28\/carnaval-2021-ponto-facultativo-e-suspenso-e-servidores-publicos-vao-trabalhar-normalmente\/","title":{"rendered":"Carnaval 2021: ponto facultativo \u00e9 suspenso e servidores p\u00fablicos v\u00e3o trabalhar normalmente"},"content":{"rendered":"<p style=\"text-align: justify;\"><span style=\"font-size: inherit;\">O Comit\u00ea de Enfrentamento \u00e0 Covid-19 em Pernambuco anunciou, em coletiva online na tarde desta quinta-feira (28.01), que n\u00e3o haver\u00e1 ponto facultativo para os servidores p\u00fablicos nos dias em previstos para acontecer o Carnaval de 2021 \u2013 entre 13 e 17 de fevereiro. A decis\u00e3o foi tomada para frear as aglomera\u00e7\u00f5es naquele per\u00edodo, um dos mais importantes do calend\u00e1rio estadual, evitando a amplia\u00e7\u00e3o do cont\u00e1gio pela Covid-19 e o consequente aumento de casos da doen\u00e7a no Estado. As festividades deste ano j\u00e1 haviam sido canceladas desde dezembro passado, com base no atual momento epidemiol\u00f3gico em Pernambuco.<\/span><\/p>\n<p style=\"text-align: justify;\"><span lang=\"PT\">\u201cA segunda e a ter\u00e7a-feira, que sempre foram ponto facultativo, n\u00e3o ser\u00e3o este ano. Os servidores p\u00fablicos v\u00e3o trabalhar normalmente. Na pr\u00f3xima semana, iremos anunciar um projeto de lei com aux\u00edlio financeiro para os artistas, que n\u00e3o poder\u00e3o realizar suas atividades no per\u00edodo carnavalesco\u201d, enfatizou o secret\u00e1rio de Turismo e Lazer de Pernambuco, Rodrigo Novaes, durante a coletiva.<\/span><\/p>\n","protected":false},"excerpt":{"rendered":"<p>O Comit\u00ea de Enfrentamento \u00e0 Covid-19 em Pernambuco anunciou, em coletiva online na tarde desta quinta-feira (28.01), que n\u00e3o haver\u00e1&hellip;<\/p>\n","protected":false},"author":1,"featured_media":66447,"comment_status":"open","ping_status":"open","sticky":false,"template":"","format":"standard","meta":{"footnotes":""},"categories":[14120],"tags":[2,19418,20741,3140,20742,4153],"class_list":["post-66446","post","type-post","status-publish","format-standard","has-post-thumbnail","hentry","category-noticias","tag-blog-do-edvaldo-magalhaes","tag-blog-mais-acessado-de-caruaru-e-regiao","tag-carnaval-2021-nao-sera-feriado-em-pernambuco","tag-noticias-de-pernambuco","tag-ponto-facultativo","tag-rodrigo-novaes"],"_links":{"self":[{"href":"https:\/\/blogdoedvaldomagalhaes.com.br\/index.php\/wp-json\/wp\/v2\/posts\/66446","targetHints":{"allow":["GET"]}}],"collection":[{"href":"https:\/\/blogdoedvaldomagalhaes.com.br\/index.php\/wp-json\/wp\/v2\/posts"}],"about":[{"href":"https:\/\/blogdoedvaldomagalhaes.com.br\/index.php\/wp-json\/wp\/v2\/types\/post"}],"author":[{"embeddable":true,"href":"https:\/\/blogdoedvaldomagalhaes.com.br\/index.php\/wp-json\/wp\/v2\/users\/1"}],"replies":[{"embeddable":true,"href":"https:\/\/blogdoedvaldomagalhaes.com.br\/index.php\/wp-json\/wp\/v2\/comments?post=66446"}],"version-history":[{"count":2,"href":"https:\/\/blogdoedvaldomagalhaes.com.br\/index.php\/wp-json\/wp\/v2\/posts\/66446\/revisions"}],"predecessor-version":[{"id":66452,"href":"https:\/\/blogdoedvaldomagalhaes.com.br\/index.php\/wp-json\/wp\/v2\/posts\/66446\/revisions\/66452"}],"wp:featuredmedia":[{"embeddable":true,"href":"https:\/\/blogdoedvaldomagalhaes.com.br\/index.php\/wp-json\/wp\/v2\/media\/66447"}],"wp:attachment":[{"href":"https:\/\/blogdoedvaldomagalhaes.com.br\/index.php\/wp-json\/wp\/v2\/media?parent=66446"}],"wp:term":[{"taxonomy":"category","embeddable":true,"href":"https:\/\/blogdoedvaldomagalhaes.com.br\/index.php\/wp-json\/wp\/v2\/categories?post=66446"},{"taxonomy":"post_tag","embeddable":true,"href":"https:\/\/blogdoedvaldomagalhaes.com.br\/index.php\/wp-json\/wp\/v2\/tags?post=66446"}],"curies":[{"name":"wp","href":"https:\/\/api.w.org\/{rel}","templated":true}]}}