{"id":66443,"date":"2021-01-28T14:04:08","date_gmt":"2021-01-28T17:04:08","guid":{"rendered":"https:\/\/blogdoedvaldomagalhaes.com.br\/?p=66443"},"modified":"2021-01-28T14:04:09","modified_gmt":"2021-01-28T17:04:09","slug":"jarde-rodrigues-assume-a-presidencia-do-conselho-municipal-de-juventude-de-caruaru","status":"publish","type":"post","link":"https:\/\/blogdoedvaldomagalhaes.com.br\/index.php\/2021\/01\/28\/jarde-rodrigues-assume-a-presidencia-do-conselho-municipal-de-juventude-de-caruaru\/","title":{"rendered":"Jarde Rodrigues assume a presid\u00eancia do Conselho Municipal de Juventude de Caruaru"},"content":{"rendered":"<p style=\"text-align: justify;\"><span style=\"font-size: inherit;\">Em virtude da vac\u00e2ncia do cargo de presidente, devido a exonera\u00e7\u00e3o de Vitinho Maia no \u00faltimo dia 2\/1, o jovem vice-presidente, estudante de Economia na UFPE, Jarde Mois\u00e9s Rodrigues Silva, que completa 22 anos no pr\u00f3ximo dia 6\/2 assume a presid\u00eancia do Conselho Municipal de Juventude at\u00e9 o fim do mandato vigente.\u00a0<\/span><\/p>\n<p style=\"text-align: justify;\">Jarde que tamb\u00e9m \u00e9 presidente do Diret\u00f3rio Acad\u00eamico de Economia UFPE\/CAA comentou seu novo desafio: &#8220;A ideia \u00e9 reunir os membros que ainda est\u00e3o no conselho, sendo a maioria da sociedade civil e convocar novas elei\u00e7\u00f5es para um pr\u00f3ximo mandato. Estou confiante que faremos o melhor e iremos representar as v\u00e1rias juventudes caruaruenses perante a sociedade e aos poderes constitu\u00eddos.&#8221;<\/p>\n","protected":false},"excerpt":{"rendered":"<p>Em virtude da vac\u00e2ncia do cargo de presidente, devido a exonera\u00e7\u00e3o de Vitinho Maia no \u00faltimo dia 2\/1, o jovem&hellip;<\/p>\n","protected":false},"author":1,"featured_media":66444,"comment_status":"open","ping_status":"open","sticky":false,"template":"","format":"standard","meta":{"footnotes":""},"categories":[14120],"tags":[2,19532,20740],"class_list":["post-66443","post","type-post","status-publish","format-standard","has-post-thumbnail","hentry","category-noticias","tag-blog-do-edvaldo-magalhaes","tag-blog-mais-acessado-e-visualizado-de-caruaru-e-regiao","tag-jarde-rodrigues-assume-a-presidencia-do-conselho-municipal-de-juventude-de-caruaru"],"_links":{"self":[{"href":"https:\/\/blogdoedvaldomagalhaes.com.br\/index.php\/wp-json\/wp\/v2\/posts\/66443","targetHints":{"allow":["GET"]}}],"collection":[{"href":"https:\/\/blogdoedvaldomagalhaes.com.br\/index.php\/wp-json\/wp\/v2\/posts"}],"about":[{"href":"https:\/\/blogdoedvaldomagalhaes.com.br\/index.php\/wp-json\/wp\/v2\/types\/post"}],"author":[{"embeddable":true,"href":"https:\/\/blogdoedvaldomagalhaes.com.br\/index.php\/wp-json\/wp\/v2\/users\/1"}],"replies":[{"embeddable":true,"href":"https:\/\/blogdoedvaldomagalhaes.com.br\/index.php\/wp-json\/wp\/v2\/comments?post=66443"}],"version-history":[{"count":1,"href":"https:\/\/blogdoedvaldomagalhaes.com.br\/index.php\/wp-json\/wp\/v2\/posts\/66443\/revisions"}],"predecessor-version":[{"id":66445,"href":"https:\/\/blogdoedvaldomagalhaes.com.br\/index.php\/wp-json\/wp\/v2\/posts\/66443\/revisions\/66445"}],"wp:featuredmedia":[{"embeddable":true,"href":"https:\/\/blogdoedvaldomagalhaes.com.br\/index.php\/wp-json\/wp\/v2\/media\/66444"}],"wp:attachment":[{"href":"https:\/\/blogdoedvaldomagalhaes.com.br\/index.php\/wp-json\/wp\/v2\/media?parent=66443"}],"wp:term":[{"taxonomy":"category","embeddable":true,"href":"https:\/\/blogdoedvaldomagalhaes.com.br\/index.php\/wp-json\/wp\/v2\/categories?post=66443"},{"taxonomy":"post_tag","embeddable":true,"href":"https:\/\/blogdoedvaldomagalhaes.com.br\/index.php\/wp-json\/wp\/v2\/tags?post=66443"}],"curies":[{"name":"wp","href":"https:\/\/api.w.org\/{rel}","templated":true}]}}