{"id":66440,"date":"2021-01-28T13:46:18","date_gmt":"2021-01-28T16:46:18","guid":{"rendered":"https:\/\/blogdoedvaldomagalhaes.com.br\/?p=66440"},"modified":"2021-01-28T20:01:09","modified_gmt":"2021-01-28T23:01:09","slug":"pernambuco-confirma-1-494-novos-casos-de-covid-19-e-28-mortes","status":"publish","type":"post","link":"https:\/\/blogdoedvaldomagalhaes.com.br\/index.php\/2021\/01\/28\/pernambuco-confirma-1-494-novos-casos-de-covid-19-e-28-mortes\/","title":{"rendered":"Pernambuco confirma 1.494 novos casos de covid-19 e 28 mortes"},"content":{"rendered":"<p>A Secretaria Estadual de Sa\u00fade (SES-PE) registrou, nesta quinta-feira (28\/01), 1.494 casos da Covid-19. Entre os confirmados hoje, 71 (4,7%) s\u00e3 casos de S\u00edndrome Respirat\u00f3ria Aguda Grave (SRAG) e 1.423 (95,3%) s\u00e3o leves. Agora, Pernambuco totaliza 256.977 casos confirmados da doen\u00e7a, sendo 30.915 graves e 226.062 leves, que est\u00e3o distribu\u00eddos por todos os 184 munic\u00edpios pernambucanos, al\u00e9m do arquip\u00e9lago de Fernando de Noronha.<\/p>\n<p>Al\u00e9m disso, o boletim registra um total de 218.405 pacientes recuperados da doen\u00e7a. Destes, 18.991 eram pacientes graves, que necessitaram de internamento hospitalar, e 199.414 eram casos leves.<\/p>\n<p>Tamb\u00e9m foram confirmados laboratorialmente 28 novos \u00f3bitos (14 masculinos e 14 femininos),\u00a0ocorridos entre os\u00a0 dias 21\/10\/2020 e 27\/01\/2021.\u00a0As novas mortes s\u00e3o de pessoas residentes dos munic\u00edpios de Araripina (2), Cabo de Santo Agostinho (1), Garanhuns (1), Gravat\u00e1 (1), Ita\u00edba (1), Jaboat\u00e3o dos Guararapes (2), Joaquim Nabuco (1), Lajedo (1), Olinda (1), Ouricuri (1), Palmares (1), Paulista (1),\u00a0Petrolina (9),\u00a0Quipap\u00e1 (1) e\u00a0Recife (4). Com isso, o Estado totaliza 10.279 mortes pela doen\u00e7a.<\/p>\n<p>Os\u00a0pacientes\u00a0tinham\u00a0idades\u00a0entre\u00a048\u00a0e\u00a091\u00a0anos.\u00a0As\u00a0faixas\u00a0et\u00e1rias\u00a0s\u00e3o:\u00a040 a 49 (2),\u00a050\u00a0a\u00a059\u00a0(2),\u00a060\u00a0a\u00a069 (8) e 70\u00a0a\u00a079\u00a0(4)\u00a0e 80 ou mais (12).\u00a0Do\u00a0total,\u00a021\u00a0tinham\u00a0doen\u00e7as\u00a0pr\u00e9-existentes:\u00a0doen\u00e7a\u00a0doen\u00e7a cardiovascular (10),\u00a0diabetes (8), hipertens\u00e3o (6),\u00a0obesidade (2),\u00a0doen\u00e7a neurol\u00f3gica (2), doen\u00e7a renal (1),\u00a0doen\u00e7a respirat\u00f3ria (1),\u00a0doen\u00e7a de Alzheimer (1),\u00a0imunossupress\u00e3o (1), hist\u00f3rico de tabagismo (1) e\u00a0doen\u00e7a hep\u00e1tica (1)\u00a0&#8211; um paciente pode ter mais de uma comorbidade.\u00a0Os demais casos seguem em investiga\u00e7\u00e3o.<\/p>\n<p>Com rela\u00e7\u00e3o \u00e0 testagem dos profissionais de sa\u00fade com sintomas de gripe, em Pernambuco, at\u00e9 agora, 25.353 casos foram confirmados e 45.190 descartados. As testagens entre os trabalhadores do setor abrangem os profissionais de todas as unidades de sa\u00fade, sejam da rede p\u00fablica (estadual e municipal) ou privada. O Governo de Pernambuco foi o primeiro do pa\u00eds a criar um protocolo para testar e afastar os profissionais da \u00e1rea da sa\u00fade com sintomas gripais.<\/p>\n","protected":false},"excerpt":{"rendered":"<p>A Secretaria Estadual de Sa\u00fade (SES-PE) registrou, nesta quinta-feira (28\/01), 1.494 casos da Covid-19. Entre os confirmados hoje, 71 (4,7%)&hellip;<\/p>\n","protected":false},"author":1,"featured_media":66441,"comment_status":"open","ping_status":"open","sticky":false,"template":"","format":"standard","meta":{"footnotes":""},"categories":[14120],"tags":[2,19532,19670,20739],"class_list":["post-66440","post","type-post","status-publish","format-standard","has-post-thumbnail","hentry","category-noticias","tag-blog-do-edvaldo-magalhaes","tag-blog-mais-acessado-e-visualizado-de-caruaru-e-regiao","tag-novo-coronavirus","tag-pernambuco-confirma-1-494-novos-casos-de-covid-19-e-28-mortes"],"_links":{"self":[{"href":"https:\/\/blogdoedvaldomagalhaes.com.br\/index.php\/wp-json\/wp\/v2\/posts\/66440","targetHints":{"allow":["GET"]}}],"collection":[{"href":"https:\/\/blogdoedvaldomagalhaes.com.br\/index.php\/wp-json\/wp\/v2\/posts"}],"about":[{"href":"https:\/\/blogdoedvaldomagalhaes.com.br\/index.php\/wp-json\/wp\/v2\/types\/post"}],"author":[{"embeddable":true,"href":"https:\/\/blogdoedvaldomagalhaes.com.br\/index.php\/wp-json\/wp\/v2\/users\/1"}],"replies":[{"embeddable":true,"href":"https:\/\/blogdoedvaldomagalhaes.com.br\/index.php\/wp-json\/wp\/v2\/comments?post=66440"}],"version-history":[{"count":3,"href":"https:\/\/blogdoedvaldomagalhaes.com.br\/index.php\/wp-json\/wp\/v2\/posts\/66440\/revisions"}],"predecessor-version":[{"id":66454,"href":"https:\/\/blogdoedvaldomagalhaes.com.br\/index.php\/wp-json\/wp\/v2\/posts\/66440\/revisions\/66454"}],"wp:featuredmedia":[{"embeddable":true,"href":"https:\/\/blogdoedvaldomagalhaes.com.br\/index.php\/wp-json\/wp\/v2\/media\/66441"}],"wp:attachment":[{"href":"https:\/\/blogdoedvaldomagalhaes.com.br\/index.php\/wp-json\/wp\/v2\/media?parent=66440"}],"wp:term":[{"taxonomy":"category","embeddable":true,"href":"https:\/\/blogdoedvaldomagalhaes.com.br\/index.php\/wp-json\/wp\/v2\/categories?post=66440"},{"taxonomy":"post_tag","embeddable":true,"href":"https:\/\/blogdoedvaldomagalhaes.com.br\/index.php\/wp-json\/wp\/v2\/tags?post=66440"}],"curies":[{"name":"wp","href":"https:\/\/api.w.org\/{rel}","templated":true}]}}