{"id":66432,"date":"2021-01-28T09:08:48","date_gmt":"2021-01-28T12:08:48","guid":{"rendered":"https:\/\/blogdoedvaldomagalhaes.com.br\/?p=66432"},"modified":"2021-01-28T10:04:53","modified_gmt":"2021-01-28T13:04:53","slug":"jovem-morre-em-acidente-entre-moto-e-caminhao-na-br-104","status":"publish","type":"post","link":"https:\/\/blogdoedvaldomagalhaes.com.br\/index.php\/2021\/01\/28\/jovem-morre-em-acidente-entre-moto-e-caminhao-na-br-104\/","title":{"rendered":"Jovem morre em acidente entre moto e caminh\u00e3o na BR 104"},"content":{"rendered":"<p style=\"text-align: justify;\">O grave acidente ocorreu por volta das 2h da madrugada desta quinta-feira (28), no km 30 da BR 104, em Toritama.<\/p>\n<p style=\"text-align: justify;\">Um caminh\u00e3o foi sair da rodovia e colidiu em uma motocicleta que trafegava pela rodovia. A motocicleta era de trilha e n\u00e3o possu\u00eda farol.<\/p>\n<p style=\"text-align: justify;\">O condutor da motocicleta, era o jovem, Mayke Henrique Bezerra de Melo, de 20 anos, que era filho do propriet\u00e1rio da churrascaria do Posto Caruatama e morava em Toritama, que <span style=\"font-size: inherit;\">faleceu no local. Ele era inabilitado e o capacete n\u00e3o foi encontrado no local do acidente.<\/span><\/p>\n<p style=\"text-align: justify;\">O motorista do caminh\u00e3o n\u00e3o se feriu. Ele realizou o teste do baf\u00f4metro e o resultado foi normal.<\/p>\n<p style=\"text-align: justify;\">Al\u00e9m da PRF, estiveram no local o Instituto de Criminal\u00edstica e a Pol\u00edcia Civil, que vai investigar o caso.<\/p>\n\n\n<figure class=\"wp-block-image size-large\"><img loading=\"lazy\" decoding=\"async\" width=\"1024\" height=\"512\" src=\"https:\/\/blogdoedvaldomagalhaes.com.br\/wp-content\/uploads\/2021\/01\/IMG-20210128-WA0021-1024x512.jpg\" alt=\"\" class=\"wp-image-66434\" srcset=\"https:\/\/blogdoedvaldomagalhaes.com.br\/wp-content\/uploads\/2021\/01\/IMG-20210128-WA0021-1024x512.jpg 1024w, https:\/\/blogdoedvaldomagalhaes.com.br\/wp-content\/uploads\/2021\/01\/IMG-20210128-WA0021-300x150.jpg 300w, https:\/\/blogdoedvaldomagalhaes.com.br\/wp-content\/uploads\/2021\/01\/IMG-20210128-WA0021-768x384.jpg 768w, https:\/\/blogdoedvaldomagalhaes.com.br\/wp-content\/uploads\/2021\/01\/IMG-20210128-WA0021.jpg 1280w\" sizes=\"auto, (max-width: 1024px) 100vw, 1024px\" \/><figcaption>Fotos: PRF\/Divulga\u00e7\u00e3o<\/figcaption><\/figure>\n\n\n\n<figure class=\"wp-block-image size-large\"><img loading=\"lazy\" decoding=\"async\" width=\"976\" height=\"1000\" src=\"https:\/\/blogdoedvaldomagalhaes.com.br\/wp-content\/uploads\/2021\/01\/IMG-20210128-WA0016.jpg\" alt=\"\" class=\"wp-image-66436\" srcset=\"https:\/\/blogdoedvaldomagalhaes.com.br\/wp-content\/uploads\/2021\/01\/IMG-20210128-WA0016.jpg 976w, https:\/\/blogdoedvaldomagalhaes.com.br\/wp-content\/uploads\/2021\/01\/IMG-20210128-WA0016-293x300.jpg 293w, https:\/\/blogdoedvaldomagalhaes.com.br\/wp-content\/uploads\/2021\/01\/IMG-20210128-WA0016-768x787.jpg 768w\" sizes=\"auto, (max-width: 976px) 100vw, 976px\" \/><\/figure>\n","protected":false},"excerpt":{"rendered":"<p>O grave acidente ocorreu por volta das 2h da madrugada desta quinta-feira (28), no km 30 da BR 104, em&hellip;<\/p>\n","protected":false},"author":1,"featured_media":66433,"comment_status":"open","ping_status":"open","sticky":false,"template":"","format":"standard","meta":{"footnotes":""},"categories":[14120],"tags":[2,19532,20738],"class_list":["post-66432","post","type-post","status-publish","format-standard","has-post-thumbnail","hentry","category-noticias","tag-blog-do-edvaldo-magalhaes","tag-blog-mais-acessado-e-visualizado-de-caruaru-e-regiao","tag-jovem-morre-em-acidente-entre-moto-e-caminhao-na-br-104"],"_links":{"self":[{"href":"https:\/\/blogdoedvaldomagalhaes.com.br\/index.php\/wp-json\/wp\/v2\/posts\/66432","targetHints":{"allow":["GET"]}}],"collection":[{"href":"https:\/\/blogdoedvaldomagalhaes.com.br\/index.php\/wp-json\/wp\/v2\/posts"}],"about":[{"href":"https:\/\/blogdoedvaldomagalhaes.com.br\/index.php\/wp-json\/wp\/v2\/types\/post"}],"author":[{"embeddable":true,"href":"https:\/\/blogdoedvaldomagalhaes.com.br\/index.php\/wp-json\/wp\/v2\/users\/1"}],"replies":[{"embeddable":true,"href":"https:\/\/blogdoedvaldomagalhaes.com.br\/index.php\/wp-json\/wp\/v2\/comments?post=66432"}],"version-history":[{"count":3,"href":"https:\/\/blogdoedvaldomagalhaes.com.br\/index.php\/wp-json\/wp\/v2\/posts\/66432\/revisions"}],"predecessor-version":[{"id":66439,"href":"https:\/\/blogdoedvaldomagalhaes.com.br\/index.php\/wp-json\/wp\/v2\/posts\/66432\/revisions\/66439"}],"wp:featuredmedia":[{"embeddable":true,"href":"https:\/\/blogdoedvaldomagalhaes.com.br\/index.php\/wp-json\/wp\/v2\/media\/66433"}],"wp:attachment":[{"href":"https:\/\/blogdoedvaldomagalhaes.com.br\/index.php\/wp-json\/wp\/v2\/media?parent=66432"}],"wp:term":[{"taxonomy":"category","embeddable":true,"href":"https:\/\/blogdoedvaldomagalhaes.com.br\/index.php\/wp-json\/wp\/v2\/categories?post=66432"},{"taxonomy":"post_tag","embeddable":true,"href":"https:\/\/blogdoedvaldomagalhaes.com.br\/index.php\/wp-json\/wp\/v2\/tags?post=66432"}],"curies":[{"name":"wp","href":"https:\/\/api.w.org\/{rel}","templated":true}]}}