{"id":66424,"date":"2021-01-27T19:24:40","date_gmt":"2021-01-27T22:24:40","guid":{"rendered":"https:\/\/blogdoedvaldomagalhaes.com.br\/?p=66424"},"modified":"2021-01-27T19:38:38","modified_gmt":"2021-01-27T22:38:38","slug":"secretaria-de-saude-de-caruaru-nao-registra-morte-por-covid-19-nas-ultimas-24-horas-2","status":"publish","type":"post","link":"https:\/\/blogdoedvaldomagalhaes.com.br\/index.php\/2021\/01\/27\/secretaria-de-saude-de-caruaru-nao-registra-morte-por-covid-19-nas-ultimas-24-horas-2\/","title":{"rendered":"Secretaria de Sa\u00fade de Caruaru n\u00e3o registra morte por Covid-19 nas \u00faltimas 24 horas"},"content":{"rendered":"<p style=\"text-align: justify;\">A Secretaria de Sa\u00fade de Caruaru informa que n\u00e3o registou \u00f3bito por Covid-19 nesta quarta-feira (27), 96,05% dos pacientes j\u00e1 se recuperaram do novo coronav\u00edrus.<\/p>\n<p style=\"text-align: justify;\">O n\u00famero de testes realizados subiu para 47.417 dos quais 20.106 foram atrav\u00e9s do teste molecular e 27.311 pelo teste r\u00e1pido, com 14.909 confirma\u00e7\u00f5es para a Covid-19.<\/p>\n<p style=\"text-align: justify;\">O n\u00famero de casos descartados subiu para 31.716.<\/p>\n<p style=\"text-align: justify;\">Tamb\u00e9m j\u00e1 foram registrados 63.079 casos de s\u00edndrome gripal.<\/p>\n<p style=\"text-align: justify;\">VACINA\u00c7\u00c3O<br>Doses aplicadas no dia: 101<br>Total de doses aplicadas: 1820<\/p>\n\n\n<figure class=\"wp-block-image size-large\"><img loading=\"lazy\" decoding=\"async\" width=\"1024\" height=\"1024\" src=\"https:\/\/blogdoedvaldomagalhaes.com.br\/wp-content\/uploads\/2021\/01\/IMG-20210127-WA0223-1024x1024.jpg\" alt=\"\" class=\"wp-image-66425\" srcset=\"https:\/\/blogdoedvaldomagalhaes.com.br\/wp-content\/uploads\/2021\/01\/IMG-20210127-WA0223-1024x1024.jpg 1024w, https:\/\/blogdoedvaldomagalhaes.com.br\/wp-content\/uploads\/2021\/01\/IMG-20210127-WA0223-300x300.jpg 300w, https:\/\/blogdoedvaldomagalhaes.com.br\/wp-content\/uploads\/2021\/01\/IMG-20210127-WA0223-150x150.jpg 150w, https:\/\/blogdoedvaldomagalhaes.com.br\/wp-content\/uploads\/2021\/01\/IMG-20210127-WA0223-768x768.jpg 768w, https:\/\/blogdoedvaldomagalhaes.com.br\/wp-content\/uploads\/2021\/01\/IMG-20210127-WA0223.jpg 1280w\" sizes=\"auto, (max-width: 1024px) 100vw, 1024px\" \/><\/figure>\n","protected":false},"excerpt":{"rendered":"<p>A Secretaria de Sa\u00fade de Caruaru informa que n\u00e3o registou \u00f3bito por Covid-19 nesta quarta-feira (27), 96,05% dos pacientes j\u00e1&hellip;<\/p>\n","protected":false},"author":1,"featured_media":66428,"comment_status":"open","ping_status":"open","sticky":false,"template":"","format":"standard","meta":{"footnotes":""},"categories":[14120],"tags":[2,19418,1950,19670,20465],"class_list":["post-66424","post","type-post","status-publish","format-standard","has-post-thumbnail","hentry","category-noticias","tag-blog-do-edvaldo-magalhaes","tag-blog-mais-acessado-de-caruaru-e-regiao","tag-noticias-de-caruaru","tag-novo-coronavirus","tag-secretaria-de-saude-de-caruaru-nao-registra-morte-por-covid-19-nas-ultimas-24-horas"],"_links":{"self":[{"href":"https:\/\/blogdoedvaldomagalhaes.com.br\/index.php\/wp-json\/wp\/v2\/posts\/66424","targetHints":{"allow":["GET"]}}],"collection":[{"href":"https:\/\/blogdoedvaldomagalhaes.com.br\/index.php\/wp-json\/wp\/v2\/posts"}],"about":[{"href":"https:\/\/blogdoedvaldomagalhaes.com.br\/index.php\/wp-json\/wp\/v2\/types\/post"}],"author":[{"embeddable":true,"href":"https:\/\/blogdoedvaldomagalhaes.com.br\/index.php\/wp-json\/wp\/v2\/users\/1"}],"replies":[{"embeddable":true,"href":"https:\/\/blogdoedvaldomagalhaes.com.br\/index.php\/wp-json\/wp\/v2\/comments?post=66424"}],"version-history":[{"count":3,"href":"https:\/\/blogdoedvaldomagalhaes.com.br\/index.php\/wp-json\/wp\/v2\/posts\/66424\/revisions"}],"predecessor-version":[{"id":66429,"href":"https:\/\/blogdoedvaldomagalhaes.com.br\/index.php\/wp-json\/wp\/v2\/posts\/66424\/revisions\/66429"}],"wp:featuredmedia":[{"embeddable":true,"href":"https:\/\/blogdoedvaldomagalhaes.com.br\/index.php\/wp-json\/wp\/v2\/media\/66428"}],"wp:attachment":[{"href":"https:\/\/blogdoedvaldomagalhaes.com.br\/index.php\/wp-json\/wp\/v2\/media?parent=66424"}],"wp:term":[{"taxonomy":"category","embeddable":true,"href":"https:\/\/blogdoedvaldomagalhaes.com.br\/index.php\/wp-json\/wp\/v2\/categories?post=66424"},{"taxonomy":"post_tag","embeddable":true,"href":"https:\/\/blogdoedvaldomagalhaes.com.br\/index.php\/wp-json\/wp\/v2\/tags?post=66424"}],"curies":[{"name":"wp","href":"https:\/\/api.w.org\/{rel}","templated":true}]}}