{"id":66421,"date":"2021-01-27T17:40:37","date_gmt":"2021-01-27T20:40:37","guid":{"rendered":"https:\/\/blogdoedvaldomagalhaes.com.br\/?p=66421"},"modified":"2021-01-27T17:40:39","modified_gmt":"2021-01-27T20:40:39","slug":"suspeito-de-tentativa-de-homicidio-no-litoral-sul-pe-e-detido-em-caruaru","status":"publish","type":"post","link":"https:\/\/blogdoedvaldomagalhaes.com.br\/index.php\/2021\/01\/27\/suspeito-de-tentativa-de-homicidio-no-litoral-sul-pe-e-detido-em-caruaru\/","title":{"rendered":"Suspeito de tentativa de homic\u00eddio no Litoral Sul-PE \u00e9 detido em Caruaru"},"content":{"rendered":"<p style=\"text-align: justify;\">A POL\u00cdCIA CIVIL DE PERNAMBUCO, na manh\u00e3 desta quarta-feira (27), por meio de a\u00e7\u00e3o\u00a0 conjunta entre as equipes da 82\u00aa Delegacia de Policia \u2013 S\u00e3o Jos\u00e9 da Coroa Grande e da 89\u00aa\u00a0 Delegacia de Policia \u2013 Caruaru, sob comando dos Delegados Marivon Gomes e Elson\u00a0 Gouveia, respectivamente, com assessoria da Diretoria de Intelig\u00eancia \u2013 DINTEL, deram\u00a0 cumprimento ao Mandado de Pris\u00e3o Preventiva, Processo\u00a0 expedido pela Comarca da Cidade S\u00e3o Jos\u00e9 da Coroa Grande, relacionado ao crime de Tentativa\u00a0 de Homic\u00eddio, em desfavor de J. A. D. S.<\/p>\n<p style=\"text-align: justify;\">O crime ocorreu no \u00faltimo s\u00e1bado\u00a0 (23), por volta das 17h35\u00a0 na Travessa da Rua Ant\u00f4nio\u00a0 Alfredo de Moraes, via p\u00fablica, Bairro Casamar, Cidade de S\u00e3o Jos\u00e9 da Coroa Grande\/PE. Na\u00a0 ocasi\u00e3o, a v\u00edtima identificada como AMARO BRAGA DA SILVA NETO, ap\u00f3s uma\u00a0 discuss\u00e3o foi atingida por aproximadamente, vinte golpes de arma branca, tipo fac\u00e3o, ao\u00a0 longo do seu corpo, e que n\u00e3o foi \u00e0 \u00f3bito.<\/p>\n<p style=\"text-align: justify;\">Ap\u00f3s\u00a0 tomar conhecimento do fato, a equipe da 82\u00aa Circ. Policial, encetou in\u00fameras dilig\u00eancias e\u00a0 atrav\u00e9s de um intenso trabalho investigativo, conseguiu o levantamento de imagens de\u00a0 c\u00e2mera de seguran\u00e7a e, com apoio do N\u00facleo de Intelig\u00eancia, conseguiu identificar o agressor. Em posse dessas informa\u00e7\u00f5es, de forma c\u00e9lere, o Delegado que preside o Inqu\u00e9rito\u00a0 Policial Marivon Gomes, representou pela pris\u00e3o preventiva do autor que, nesta quarta-feira (27) por volta das 10hh30, foi detido por Policiais Civis no centro da cidade de\u00a0 Caruaru, ao sair de um escrit\u00f3rio de advocacia. Impende destacar que a Policia Civil desde o dia\u00a0 do fato trabalhou diuturnamente com o intuito de promover uma resposta r\u00e1pida e efetiva \u00e0\u00a0 criminalidade que casos como esse requer, demonstrando com essa a\u00e7\u00e3o que o Estado trabalha com\u00a0 bastante afinco para combater todos os crimes, sobretudo aqueles violentos crimes violentos, a fim\u00a0 de restabelecer a paz social e seguran\u00e7a na comunidade.<\/p>\n<p style=\"text-align: justify;\">\nAp\u00f3s os procedimentos cab\u00edveis, o envolvido foi conduzido ao Sistema Penitenci\u00e1rio, ficando \u00e0\u00a0 disposi\u00e7\u00e3o da Justi\u00e7a.<\/p>\n","protected":false},"excerpt":{"rendered":"<p>A POL\u00cdCIA CIVIL DE PERNAMBUCO, na manh\u00e3 desta quarta-feira (27), por meio de a\u00e7\u00e3o\u00a0 conjunta entre as equipes da 82\u00aa&hellip;<\/p>\n","protected":false},"author":1,"featured_media":66422,"comment_status":"open","ping_status":"open","sticky":false,"template":"","format":"standard","meta":{"footnotes":""},"categories":[14121],"tags":[2,19418,1950,20737],"class_list":["post-66421","post","type-post","status-publish","format-standard","has-post-thumbnail","hentry","category-policial","tag-blog-do-edvaldo-magalhaes","tag-blog-mais-acessado-de-caruaru-e-regiao","tag-noticias-de-caruaru","tag-suspeito-de-tentativa-de-homicidio-no-litoral-sul-pe-e-detido-em-caruaru"],"_links":{"self":[{"href":"https:\/\/blogdoedvaldomagalhaes.com.br\/index.php\/wp-json\/wp\/v2\/posts\/66421","targetHints":{"allow":["GET"]}}],"collection":[{"href":"https:\/\/blogdoedvaldomagalhaes.com.br\/index.php\/wp-json\/wp\/v2\/posts"}],"about":[{"href":"https:\/\/blogdoedvaldomagalhaes.com.br\/index.php\/wp-json\/wp\/v2\/types\/post"}],"author":[{"embeddable":true,"href":"https:\/\/blogdoedvaldomagalhaes.com.br\/index.php\/wp-json\/wp\/v2\/users\/1"}],"replies":[{"embeddable":true,"href":"https:\/\/blogdoedvaldomagalhaes.com.br\/index.php\/wp-json\/wp\/v2\/comments?post=66421"}],"version-history":[{"count":1,"href":"https:\/\/blogdoedvaldomagalhaes.com.br\/index.php\/wp-json\/wp\/v2\/posts\/66421\/revisions"}],"predecessor-version":[{"id":66423,"href":"https:\/\/blogdoedvaldomagalhaes.com.br\/index.php\/wp-json\/wp\/v2\/posts\/66421\/revisions\/66423"}],"wp:featuredmedia":[{"embeddable":true,"href":"https:\/\/blogdoedvaldomagalhaes.com.br\/index.php\/wp-json\/wp\/v2\/media\/66422"}],"wp:attachment":[{"href":"https:\/\/blogdoedvaldomagalhaes.com.br\/index.php\/wp-json\/wp\/v2\/media?parent=66421"}],"wp:term":[{"taxonomy":"category","embeddable":true,"href":"https:\/\/blogdoedvaldomagalhaes.com.br\/index.php\/wp-json\/wp\/v2\/categories?post=66421"},{"taxonomy":"post_tag","embeddable":true,"href":"https:\/\/blogdoedvaldomagalhaes.com.br\/index.php\/wp-json\/wp\/v2\/tags?post=66421"}],"curies":[{"name":"wp","href":"https:\/\/api.w.org\/{rel}","templated":true}]}}