{"id":66418,"date":"2021-01-27T14:04:12","date_gmt":"2021-01-27T17:04:12","guid":{"rendered":"https:\/\/blogdoedvaldomagalhaes.com.br\/?p=66418"},"modified":"2021-01-27T23:20:18","modified_gmt":"2021-01-28T02:20:18","slug":"secretaria-de-saude-pe-divulga-2-068-novos-casos-de-covid-19-no-estado","status":"publish","type":"post","link":"https:\/\/blogdoedvaldomagalhaes.com.br\/index.php\/2021\/01\/27\/secretaria-de-saude-pe-divulga-2-068-novos-casos-de-covid-19-no-estado\/","title":{"rendered":"Secretaria de Sa\u00fade-PE divulga 2.068 novos casos de covid-19 no Estado"},"content":{"rendered":"<p style=\"text-align: justify;\">A Secretaria Estadual de Sa\u00fade (SES-PE) registrou, nesta quarta-feira (27\/01), 2.068 casos da Covid-19. Entre os confirmados hoje, 44 (2%) s\u00e3o casos de S\u00edndrome Respirat\u00f3ria Aguda Grave (SRAG) e 2.024 (98%) s\u00e3o leves. Agora, Pernambuco totaliza 255.483 casos confirmados da doen\u00e7a, sendo 30.844 graves e 224.639 leves, que est\u00e3o distribu\u00eddos por todos os 184 munic\u00edpios pernambucanos, al\u00e9m do arquip\u00e9lago de Fernando de Noronha.<\/p>\n<p>Al\u00e9m disso, o boletim registra um total de 217.522 pacientes recuperados da doen\u00e7a. Destes, 18.974 eram pacientes graves, que necessitaram de internamento hospitalar, e 198.548 eram casos leves.<\/p>\n<p>Tamb\u00e9m foram confirmados laboratorialmente 29 novos \u00f3bitos (17 masculinos e 12 femininos), ocorridos entre os \u00a0dias 15\/05\/2020 e 25\/01\/2021. As novas mortes s\u00e3o de pessoas residentes dos munic\u00edpios do Cabrob\u00f3 (1), Capoeiras (2), Carpina (2), Goiana (1), Jaboat\u00e3o dos Guararapes (1), Mirandiba (1), Paulista (1), Petrolina (5), Quixab\u00e1 (1), Recife (10), Santa Cruz do Capibaribe (1), S\u00e3o Louren\u00e7o da Mata (1), Serra Talhada (1) e Vit\u00f3ria de Santo Ant\u00e3o (1). Com isso, \u00a0Estado totaliza 10.251 mortes pela doen\u00e7a.<\/p>\n<p>Os pacientes tinham idades entre 37 e 91 anos. As faixas et\u00e1rias s\u00e3o: 30 a 39 (1), 50 a 59 (6), 60 a 69 (6) e 70 a 79 (6) e 80 ou mais (10). Do total, 21 tinham doen\u00e7as pr\u00e9-existentes: doen\u00e7a doen\u00e7a cardiovascular (10), diabetes (6), tabagismo\/hist\u00f3rico de tabagismo (4), hipertens\u00e3o (4), doen\u00e7a respirat\u00f3ria (3), doen\u00e7a renal (3), obesidade (2), hist\u00f3rico de AVC (2), imunossupress\u00e3o (1), doen\u00e7a de Alzheimer (1), e hist\u00f3rico de etilismo (1) &#8211; um paciente pode ter mais de uma comorbidade. Um n\u00e3o tinha comorbidades e os demais casos seguem em investiga\u00e7\u00e3o.<\/p>\n<p>Com rela\u00e7\u00e3o \u00e0 testagem dos profissionais de sa\u00fade com sintomas de gripe, em Pernambuco, at\u00e9 agora, 25.312 casos foram confirmados e 45.131 descartados. As testagens entre os trabalhadores do setor abrangem os profissionais de todas as unidades de sa\u00fade, sejam da rede p\u00fablica (estadual e municipal) ou privada. O Governo de Pernambuco foi o primeiro do pa\u00eds a criar um protocolo para testar e afastar os profissionais da \u00e1rea da sa\u00fade com sintomas gripais.<\/p>\n<p><b>BALAN\u00c7O DA VACINA\u00c7\u00c3O \u2013\u00a0<\/b>Desde o in\u00edcio da vacina\u00e7\u00e3o contra a Covid-19 em Pernambuco, 63.180 pessoas que fazem parte do p\u00fablico priorit\u00e1rio da primeira fase da campanha no Estado j\u00e1 foram imunizadas. Deste total, 48.120 foram trabalhadores da sa\u00fade (sendo 9.280 profissionais que atuam nos hospitais do Governo de Pernambuco); 11.263 ind\u00edgenas aldeados; 3.648 s\u00e3o idosos institucionalizados; 30 idosos acima de 85 anos e 119 pertencem ao grupo de pessoas com defici\u00eancia institucionalizadas.<\/p>\n<p><b>AMAZONAS &#8211;\u00a0<\/b>Dois pacientes provenientes de Manaus que estavam internados no Hospital das Cl\u00ednicas (HC), servi\u00e7o com gest\u00e3o federal localizado no Recife, foram transferidos, no final da noite desta ter\u00e7a-feira (26.01), para a Unidade de Terapia Intensiva (UTI) do Hospital de Refer\u00eancia \u00e0 Covid-19 Unidade Boa Viagem (antigo Alfa), tamb\u00e9m na capital pernambucana. S\u00e3o dois homens com 53 anos e 42 anos de idade, que est\u00e3o passando por exames de avalia\u00e7\u00e3o e sendo acompanhados pela equipe multiprofissional do hospital. Os dois est\u00e3o conscientes, com quadro de sa\u00fade considerado est\u00e1vel, recebendo suporte de oxigena\u00e7\u00e3o por m\u00e1scara n\u00e3o reinalante.<\/p>\n<p>Os novos pacientes se juntam aos outros 11 amazonenses que j\u00e1 est\u00e3o sendo monitorados pela equipe que atua na terapia intensiva do servi\u00e7o (8 homens e 3 mulheres, com idades entre 35 e 64 anos). Tr\u00eas (2 homens e 1 mulher) apresentaram piora e precisaram ser intubados. Cinco deles (4 homens e 1 mulher) est\u00e3o est\u00e1veis, mas recebem suporte de oxigena\u00e7\u00e3o (cateter nasal e m\u00e1scara reinalante). Os outros tr\u00eas respiram em ar ambiente (sem a ajuda de aparelhos) e evoluem bem clinicamente. Desse grupo, seis foram levados para a unidade ontem, e os outros cinco, os primeiros a chegar do Amazonas, chegaram no servi\u00e7o na noite do \u00faltimo s\u00e1bado (23.01). Ao todo, 13 pacientes amazonenses est\u00e3o internados no Hospital Alfa.<\/p>\n<p>Outros 12 amazonenses est\u00e3o internados no Hospital das Cl\u00ednicas. Um paciente que tamb\u00e9m estava internado no HC, admitido no servi\u00e7o ontem, foi a \u00f3bito nesta quarta (27) ap\u00f3s agravamento do quadro. Ao todo, desde o final de semana, Pernambuco j\u00e1 recebeu 26 pacientes do Amazonas enviados pelo Minist\u00e9rio da Sa\u00fade.<\/p>\n","protected":false},"excerpt":{"rendered":"<p>A Secretaria Estadual de Sa\u00fade (SES-PE) registrou, nesta quarta-feira (27\/01), 2.068 casos da Covid-19. Entre os confirmados hoje, 44 (2%)&hellip;<\/p>\n","protected":false},"author":1,"featured_media":66419,"comment_status":"open","ping_status":"open","sticky":false,"template":"","format":"standard","meta":{"footnotes":""},"categories":[14120],"tags":[2,19532,19670,20736],"class_list":["post-66418","post","type-post","status-publish","format-standard","has-post-thumbnail","hentry","category-noticias","tag-blog-do-edvaldo-magalhaes","tag-blog-mais-acessado-e-visualizado-de-caruaru-e-regiao","tag-novo-coronavirus","tag-secretaria-de-saude-pe-divulga-2-068-novos-casos-de-covid-19-no-estado"],"_links":{"self":[{"href":"https:\/\/blogdoedvaldomagalhaes.com.br\/index.php\/wp-json\/wp\/v2\/posts\/66418","targetHints":{"allow":["GET"]}}],"collection":[{"href":"https:\/\/blogdoedvaldomagalhaes.com.br\/index.php\/wp-json\/wp\/v2\/posts"}],"about":[{"href":"https:\/\/blogdoedvaldomagalhaes.com.br\/index.php\/wp-json\/wp\/v2\/types\/post"}],"author":[{"embeddable":true,"href":"https:\/\/blogdoedvaldomagalhaes.com.br\/index.php\/wp-json\/wp\/v2\/users\/1"}],"replies":[{"embeddable":true,"href":"https:\/\/blogdoedvaldomagalhaes.com.br\/index.php\/wp-json\/wp\/v2\/comments?post=66418"}],"version-history":[{"count":2,"href":"https:\/\/blogdoedvaldomagalhaes.com.br\/index.php\/wp-json\/wp\/v2\/posts\/66418\/revisions"}],"predecessor-version":[{"id":66431,"href":"https:\/\/blogdoedvaldomagalhaes.com.br\/index.php\/wp-json\/wp\/v2\/posts\/66418\/revisions\/66431"}],"wp:featuredmedia":[{"embeddable":true,"href":"https:\/\/blogdoedvaldomagalhaes.com.br\/index.php\/wp-json\/wp\/v2\/media\/66419"}],"wp:attachment":[{"href":"https:\/\/blogdoedvaldomagalhaes.com.br\/index.php\/wp-json\/wp\/v2\/media?parent=66418"}],"wp:term":[{"taxonomy":"category","embeddable":true,"href":"https:\/\/blogdoedvaldomagalhaes.com.br\/index.php\/wp-json\/wp\/v2\/categories?post=66418"},{"taxonomy":"post_tag","embeddable":true,"href":"https:\/\/blogdoedvaldomagalhaes.com.br\/index.php\/wp-json\/wp\/v2\/tags?post=66418"}],"curies":[{"name":"wp","href":"https:\/\/api.w.org\/{rel}","templated":true}]}}