{"id":6639,"date":"2017-03-01T11:07:00","date_gmt":"2017-03-01T14:07:00","guid":{"rendered":"http:\/\/blogdoedvaldomagalhaes.com.br\/index.php\/2017\/03\/01\/confira-programacao-das-igrejas\/"},"modified":"2019-02-09T01:18:44","modified_gmt":"2019-02-09T03:18:44","slug":"confira-programacao-das-igrejas","status":"publish","type":"post","link":"https:\/\/blogdoedvaldomagalhaes.com.br\/index.php\/2017\/03\/01\/confira-programacao-das-igrejas\/","title":{"rendered":"Confira a programa\u00e7\u00e3o das Igrejas Cat\u00f3licas nesta quarta de Cinzas em Caruaru"},"content":{"rendered":"<div class=\"separator\" style=\"clear: both; text-align: center;\">\n<a href=\"https:\/\/2.bp.blogspot.com\/-Y5u0WWt9pQU\/WLarVmNiGyI\/AAAAAAAAQs0\/97e4MO2LImw83h1MpFPRFfMOCpRmcxBUgCLcB\/s1600\/quarta.jpg\" imageanchor=\"1\" style=\"margin-left: 1em; margin-right: 1em;\"><img loading=\"lazy\" decoding=\"async\" border=\"0\" height=\"200\" src=\"http:\/\/blogdoedvaldomagalhaes.com.br\/wp-content\/uploads\/2017\/03\/quarta.jpg\" width=\"400\" \/><\/a><\/div>\n<div class=\"separator\" style=\"clear: both; text-align: center;\">\n<\/div>\n<div style=\"background-color: white; box-sizing: border-box; line-height: 26px; margin-bottom: 24px; text-align: justify; word-wrap: break-word;\">\nA celebra\u00e7\u00e3o marca o in\u00edcio da Quaresma, em prepara\u00e7\u00e3o para a P\u00e1scoa.&nbsp;Segundo a tradi\u00e7\u00e3o cat\u00f3lica, a Quaresma lembra os 40 dias que Jesus esteve no deserto em ora\u00e7\u00e3o, sem se alimentar e resistindo \u00e0s tenta\u00e7\u00f5es.<\/div>\n<h2 style=\"background-color: white; box-sizing: border-box; line-height: 37px; margin: 27px 0px 17px; text-align: justify;\">\nConfira a programa\u00e7\u00e3o:<\/h2>\n<div style=\"background-color: white; box-sizing: border-box; line-height: 26px; margin-bottom: 24px; text-align: justify; word-wrap: break-word;\">\n6 h \u2013 Par\u00f3quia Cora\u00e7\u00e3o Eucar\u00edstico (Convento)<\/div>\n<div style=\"background-color: white; box-sizing: border-box; line-height: 26px; margin-bottom: 24px; text-align: justify; word-wrap: break-word;\">\n7h \u2013 Igreja da Concei\u00e7\u00e3o (Marco Zero)<\/div>\n<div style=\"background-color: white; box-sizing: border-box; line-height: 26px; margin-bottom: 24px; text-align: justify; word-wrap: break-word;\">\n7h- Col\u00e9gio Sagrado Cora\u00e7\u00e3o<\/div>\n<div style=\"background-color: white; box-sizing: border-box; line-height: 26px; margin-bottom: 24px; text-align: justify; word-wrap: break-word;\">\n7h- Par\u00f3quia S\u00e3o Bento<\/div>\n<div style=\"background-color: white; box-sizing: border-box; line-height: 26px; margin-bottom: 24px; text-align: justify; word-wrap: break-word;\">\n8h- Par\u00f3quia S\u00e3o Paulo Ap\u00f3stolo<\/div>\n<div style=\"background-color: white; box-sizing: border-box; line-height: 26px; margin-bottom: 24px; text-align: justify; word-wrap: break-word;\">\n9h Par\u00f3quia Nossa Senhoras do Ros\u00e1rio (DOM DINO)<\/div>\n<div style=\"background-color: white; box-sizing: border-box; line-height: 26px; margin-bottom: 24px; text-align: justify; word-wrap: break-word;\">\n17h30 Par\u00f3quia Nossa Senhora das Dores \u2013 Catedral<\/div>\n<div style=\"background-color: white; box-sizing: border-box; line-height: 26px; margin-bottom: 24px; text-align: justify; word-wrap: break-word;\">\n19h Par\u00f3quia Nossa Senhora Aparecida<\/div>\n<div style=\"background-color: white; box-sizing: border-box; line-height: 26px; margin-bottom: 24px; word-wrap: break-word;\">\n<\/div>\n<div style=\"text-align: justify;\">\n19h30 Par\u00f3quia Nossa Senhora do Ros\u00e1rio<\/div>\n<p><\/p>\n<div style=\"text-align: justify;\">\n19h30 Par\u00f3quia Natividade do Senhor<\/div>\n<p><\/p>\n<div style=\"text-align: justify;\">\n19h30 Par\u00f3quia Nossa Senhora do Monte Carmelo<\/div>\n<div style=\"text-align: justify;\">\n19h30 Par\u00f3quia Nossa Senhora de Guadalupe<\/div>\n<div style=\"text-align: justify;\">\n19h30 Par\u00f3quia Nossa Senhora da Assun\u00e7\u00e3o<\/div>\n<div style=\"text-align: justify;\">\n19h30 Par\u00f3quia S\u00e3o Jos\u00e9<\/div>\n<div style=\"text-align: justify;\">\n19h30 Par\u00f3quia S\u00e3o Francisco<\/div>\n<div style=\"text-align: justify;\">\n19h30 Par\u00f3quia S\u00e3o Bento<\/div>\n<div style=\"text-align: justify;\">\n19h30 Par\u00f3quia Nossa Senhora de F\u00e1tima<\/div>\n<div style=\"text-align: justify;\">\n19h30 Par\u00f3quia S\u00e3o Paulo Ap\u00f3stolo<\/div>\n<div style=\"text-align: justify;\">\n19h30 Par\u00f3quia Cora\u00e7\u00e3o Eucar\u00edstico (Convento)<\/div>\n<div style=\"text-align: justify;\">\n19h30 \u00c1rea Pastoral Santa Teresinha do Menino Jesus<\/div>\n<div style=\"text-align: justify;\">\n19h30 \u00c1rea Pastoral Nossa Senhora das Gra\u00e7as \u2013 Nova Caruaru<\/div>\n<div style=\"text-align: justify;\">\n19h30 \u00c1rea Pastoral Nossa Senhora das Gra\u00e7as \u2013 Cidade Jardim<\/div>\n<div style=\"text-align: justify;\">\n19h30 \u00c1rea Pastoral Sagrada Fam\u00edlia<\/p>\n<\/div>\n<p><\/p>\n<div style=\"background-color: white; box-sizing: border-box; line-height: 26px; margin-bottom: 24px; text-align: justify; word-wrap: break-word;\">\nFonte: Te Amo Caruaru<\/p>\n<p><\/p>\n<div class=\"separator\" style=\"clear: both; text-align: center;\">\n<a href=\"http:\/\/blogdoedvaldomagalhaes.com.br\/wp-content\/uploads\/2017\/03\/1-IPTU.jpg\" imageanchor=\"1\" style=\"clear: left; float: left; margin-bottom: 1em; margin-right: 1em;\"><img decoding=\"async\" border=\"0\" src=\"http:\/\/blogdoedvaldomagalhaes.com.br\/wp-content\/uploads\/2017\/03\/1-IPTU.jpg\" \/><\/a><\/div>\n<p><\/div>\n","protected":false},"excerpt":{"rendered":"<p>A celebra\u00e7\u00e3o marca o in\u00edcio da Quaresma, em prepara\u00e7\u00e3o para a P\u00e1scoa.&nbsp;Segundo a tradi\u00e7\u00e3o cat\u00f3lica, a Quaresma lembra os 40&hellip;<\/p>\n","protected":false},"author":1,"featured_media":0,"comment_status":"open","ping_status":"open","sticky":false,"template":"","format":"standard","meta":{"footnotes":""},"categories":[1],"tags":[992,9015,6909,6],"class_list":["post-6639","post","type-post","status-publish","format-standard","hentry","category-sem-categoria","tag-blog-do-edvaldo-do-magalhaes","tag-confira-a-programacao-das-igrejas-catolicas-nesta-quarta-de-cinzas-em-caruaru","tag-igreja-do-convento","tag-noticias"],"_links":{"self":[{"href":"https:\/\/blogdoedvaldomagalhaes.com.br\/index.php\/wp-json\/wp\/v2\/posts\/6639","targetHints":{"allow":["GET"]}}],"collection":[{"href":"https:\/\/blogdoedvaldomagalhaes.com.br\/index.php\/wp-json\/wp\/v2\/posts"}],"about":[{"href":"https:\/\/blogdoedvaldomagalhaes.com.br\/index.php\/wp-json\/wp\/v2\/types\/post"}],"author":[{"embeddable":true,"href":"https:\/\/blogdoedvaldomagalhaes.com.br\/index.php\/wp-json\/wp\/v2\/users\/1"}],"replies":[{"embeddable":true,"href":"https:\/\/blogdoedvaldomagalhaes.com.br\/index.php\/wp-json\/wp\/v2\/comments?post=6639"}],"version-history":[{"count":1,"href":"https:\/\/blogdoedvaldomagalhaes.com.br\/index.php\/wp-json\/wp\/v2\/posts\/6639\/revisions"}],"predecessor-version":[{"id":17343,"href":"https:\/\/blogdoedvaldomagalhaes.com.br\/index.php\/wp-json\/wp\/v2\/posts\/6639\/revisions\/17343"}],"wp:attachment":[{"href":"https:\/\/blogdoedvaldomagalhaes.com.br\/index.php\/wp-json\/wp\/v2\/media?parent=6639"}],"wp:term":[{"taxonomy":"category","embeddable":true,"href":"https:\/\/blogdoedvaldomagalhaes.com.br\/index.php\/wp-json\/wp\/v2\/categories?post=6639"},{"taxonomy":"post_tag","embeddable":true,"href":"https:\/\/blogdoedvaldomagalhaes.com.br\/index.php\/wp-json\/wp\/v2\/tags?post=6639"}],"curies":[{"name":"wp","href":"https:\/\/api.w.org\/{rel}","templated":true}]}}