{"id":663,"date":"2018-11-19T23:27:00","date_gmt":"2018-11-20T01:27:00","guid":{"rendered":"http:\/\/blogdoedvaldomagalhaes.com.br\/index.php\/2018\/11\/19\/eleita-nova-diretoria-da-oab-caruaru\/"},"modified":"2019-02-09T02:42:13","modified_gmt":"2019-02-09T04:42:13","slug":"eleita-nova-diretoria-da-oab-caruaru","status":"publish","type":"post","link":"https:\/\/blogdoedvaldomagalhaes.com.br\/index.php\/2018\/11\/19\/eleita-nova-diretoria-da-oab-caruaru\/","title":{"rendered":"Eleita nova diretoria da OAB Caruaru com Fernando J\u00fanior na presid\u00eancia"},"content":{"rendered":"<div class=\"separator\" style=\"clear: both; text-align: center;\">\n<a href=\"https:\/\/3.bp.blogspot.com\/-OuZaigw1zGY\/W_NF8v-OiGI\/AAAAAAAA9_4\/an5ZU6dpGzc5t_GMNooa5rEIuN3BULsjwCEwYBhgL\/s1600\/IMG-20181119-WA0274.jpg\" imageanchor=\"1\" style=\"margin-left: 1em; margin-right: 1em;\"><img loading=\"lazy\" decoding=\"async\" border=\"0\" data-original-height=\"682\" data-original-width=\"1280\" height=\"340\" src=\"http:\/\/blogdoedvaldomagalhaes.com.br\/wp-content\/uploads\/2018\/11\/IMG-20181119-WA0274.jpg\" width=\"640\" \/><\/a><\/div>\n<div class=\"separator\" style=\"clear: both; text-align: center;\">\n<\/div>\n<div class=\"separator\" style=\"clear: both; text-align: justify;\">\nA chapa \u201cPra Seguir Avan\u00e7ando&#8221; venceu a elei\u00e7\u00e3o da OAB Caruaru para o pr\u00f3ximo tri\u00eanio 2019\/2021, nesta segunda-feira (19) com 69,5% dos votos. A vota\u00e7\u00e3o aconteceu na APCEF durante todo o dia e reuniu advogados de 15 cidades que comp\u00f5em a subseccional.<\/div>\n<div class=\"separator\" style=\"clear: both; text-align: justify;\">\n<\/div>\n<div class=\"separator\" style=\"clear: both; text-align: justify;\">\nDos 1.086 votos apurados, 755 foram da chapa vitoriosa, contra 319 da chapa opositora, al\u00e9m de oito votos nulos e quatro brancos. Com uma diferen\u00e7a de 436 votos, esse resultado entra para a hist\u00f3ria das elei\u00e7\u00f5es da OAB Caruaru, confirmando a aprova\u00e7\u00e3o da atual gest\u00e3o da subseccional, que apresentou o vice-presidente, Fernando J\u00fanior, no comando da diretoria, para dar continuidade ao trabalho desenvolvido pelo presidente Felipe Sampaio.<\/div>\n<div class=\"separator\" style=\"clear: both; text-align: justify;\">\n<\/div>\n<div class=\"separator\" style=\"clear: both; text-align: center;\">\n<a href=\"https:\/\/2.bp.blogspot.com\/-h6KQQu7fjqo\/W_NkapeyVEI\/AAAAAAAA-Co\/T96gLOpMy08NyzgcTmL2UMIJR0kx25a6QCLcBGAs\/s1600\/oab%2B1.jpg\" imageanchor=\"1\" style=\"margin-left: 1em; margin-right: 1em;\"><img loading=\"lazy\" decoding=\"async\" border=\"0\" data-original-height=\"853\" data-original-width=\"1280\" height=\"426\" src=\"http:\/\/blogdoedvaldomagalhaes.com.br\/wp-content\/uploads\/2018\/11\/oab1-1.jpg\" width=\"640\" \/><\/a><\/div>\n<div class=\"separator\" style=\"clear: both; text-align: justify;\">\n<\/div>\n<div class=\"separator\" style=\"clear: both; text-align: justify;\">\nAl\u00e9m de Fernando J\u00fanior, a diretoria da chapa \u00e9 formada pelos advogados: L\u00facia Cardozo (vice-presidente), Ranieri Coelho (secret\u00e1rio-geral), Adrielmo Moura (secret\u00e1rio-geral adjunto) e Nem\u00e9zio Vasconcelos (tesoureiro).<\/div>\n<div class=\"separator\" style=\"clear: both; text-align: justify;\">\n<\/div>\n<div class=\"separator\" style=\"clear: both; text-align: justify;\">\n\u201cCom essa expressiva vota\u00e7\u00e3o a vit\u00f3ria n\u00e3o \u00e9 somente de uma chapa, mas de toda a classe dos advogados. Vamos continuar mantendo a uni\u00e3o que \u00e9 a marca da nossa gest\u00e3o. Queremos que todos os advogados se engajem na gest\u00e3o da OAB Caruaru, porque n\u00e3o se faz esse trabalho somente com a figura da diretoria e do conselho, mas com todos os advogados\u201d, comemorou Fernando.<\/div>\n<div class=\"separator\" style=\"clear: both; text-align: justify;\">\n<\/div>\n<div class=\"separator\" style=\"clear: both; text-align: center;\">\n<a href=\"https:\/\/4.bp.blogspot.com\/-KIEJOt2CO3Y\/W_NkfpQTcZI\/AAAAAAAA-Cs\/Q_fzTEOpKmQ30RXt8WtMO3-3jLMtStMMwCLcBGAs\/s1600\/oba%2B1.jpg\" imageanchor=\"1\" style=\"margin-left: 1em; margin-right: 1em;\"><img loading=\"lazy\" decoding=\"async\" border=\"0\" data-original-height=\"743\" data-original-width=\"1162\" height=\"408\" src=\"http:\/\/blogdoedvaldomagalhaes.com.br\/wp-content\/uploads\/2018\/11\/oba1.jpg\" width=\"640\" \/><\/a><\/div>\n<div class=\"separator\" style=\"clear: both; text-align: justify;\">\n<\/div>\n<div class=\"separator\" style=\"clear: both; text-align: justify;\">\nNa elei\u00e7\u00e3o da OAB Estadual, o candidato Bruno Baptista, que concorreu com chapa \u00fanica, tamb\u00e9m obteve significativa vota\u00e7\u00e3o em Caruaru, com 863 votos. Baptista foi um dos principais apoiadores de Fernando durante a campanha, defendendo um trabalho em conjunto pela valoriza\u00e7\u00e3o da advocacia do interior.&nbsp;<\/div>\n<div class=\"separator\" style=\"clear: both; text-align: justify;\">\n<\/div>\n<div class=\"separator\" style=\"clear: both; text-align: justify;\">\n<\/div>\n<div class=\"separator\" style=\"clear: both; text-align: justify;\">\n<\/div>\n<div class=\"separator\" style=\"clear: both; text-align: justify;\">\n<b style=\"font-family: arial, helvetica, sans-serif; font-size: x-large;\">TOTAL DE VOTOS EM CARUARU&nbsp;<\/b><\/div>\n<div class=\"separator\" style=\"clear: both; text-align: justify;\">\n<\/div>\n<div class=\"separator\" style=\"clear: both; text-align: justify;\">\nTotal de 04 urnas subseccional<\/div>\n<div class=\"separator\" style=\"clear: both; text-align: justify;\">\n<\/div>\n<div class=\"separator\" style=\"clear: both; text-align: justify;\">\nBrancos 08<\/div>\n<div class=\"separator\" style=\"clear: both; text-align: justify;\">\n<\/div>\n<div class=\"separator\" style=\"clear: both; text-align: justify;\">\nNulos 04<\/div>\n<div class=\"separator\" style=\"clear: both; text-align: justify;\">\n<\/div>\n<div class=\"separator\" style=\"clear: both; text-align: justify;\">\nArthur Ramo 319<\/div>\n<div class=\"separator\" style=\"clear: both; text-align: justify;\">\n<\/div>\n<div class=\"separator\" style=\"clear: both; text-align: justify;\">\nFernando J\u00fanior 755<\/div>\n<div class=\"separator\" style=\"clear: both; text-align: justify;\">\n<\/div>\n<div class=\"separator\" style=\"clear: both; text-align: justify;\">\nDiferen\u00e7a. &nbsp; 436<\/div>\n<div class=\"separator\" style=\"clear: both; text-align: justify;\">\n<\/div>\n<div class=\"separator\" style=\"clear: both; text-align: justify;\">\nTotal de 04 urnas seccional<\/div>\n<div class=\"separator\" style=\"clear: both; text-align: justify;\">\n<\/div>\n<div class=\"separator\" style=\"clear: both; text-align: justify;\">\nBrancos &nbsp; &nbsp;213<\/div>\n<div class=\"separator\" style=\"clear: both; text-align: justify;\">\n<\/div>\n<div class=\"separator\" style=\"clear: both; text-align: justify;\">\nNulos &nbsp; &nbsp; &nbsp; &nbsp; 06<\/div>\n<div class=\"separator\" style=\"clear: both; text-align: justify;\">\n<\/div>\n<div class=\"separator\" style=\"clear: both; text-align: justify;\">\n<\/div>\n<div class=\"separator\" style=\"clear: both; text-align: justify;\">\nBruno Baptista 863<\/div>\n<div class=\"separator\" style=\"clear: both; text-align: justify;\">\n<\/div>\n","protected":false},"excerpt":{"rendered":"<p>A chapa \u201cPra Seguir Avan\u00e7ando&#8221; venceu a elei\u00e7\u00e3o da OAB Caruaru para o pr\u00f3ximo tri\u00eanio 2019\/2021, nesta segunda-feira (19) com&hellip;<\/p>\n","protected":false},"author":1,"featured_media":0,"comment_status":"open","ping_status":"open","sticky":false,"template":"","format":"standard","meta":{"footnotes":""},"categories":[1],"tags":[2,599,6],"class_list":["post-663","post","type-post","status-publish","format-standard","hentry","category-sem-categoria","tag-blog-do-edvaldo-magalhaes","tag-eleita-nova-diretoria-da-oab-caruaru-com-fernando-junior-na-presidencia","tag-noticias"],"_links":{"self":[{"href":"https:\/\/blogdoedvaldomagalhaes.com.br\/index.php\/wp-json\/wp\/v2\/posts\/663","targetHints":{"allow":["GET"]}}],"collection":[{"href":"https:\/\/blogdoedvaldomagalhaes.com.br\/index.php\/wp-json\/wp\/v2\/posts"}],"about":[{"href":"https:\/\/blogdoedvaldomagalhaes.com.br\/index.php\/wp-json\/wp\/v2\/types\/post"}],"author":[{"embeddable":true,"href":"https:\/\/blogdoedvaldomagalhaes.com.br\/index.php\/wp-json\/wp\/v2\/users\/1"}],"replies":[{"embeddable":true,"href":"https:\/\/blogdoedvaldomagalhaes.com.br\/index.php\/wp-json\/wp\/v2\/comments?post=663"}],"version-history":[{"count":1,"href":"https:\/\/blogdoedvaldomagalhaes.com.br\/index.php\/wp-json\/wp\/v2\/posts\/663\/revisions"}],"predecessor-version":[{"id":36022,"href":"https:\/\/blogdoedvaldomagalhaes.com.br\/index.php\/wp-json\/wp\/v2\/posts\/663\/revisions\/36022"}],"wp:attachment":[{"href":"https:\/\/blogdoedvaldomagalhaes.com.br\/index.php\/wp-json\/wp\/v2\/media?parent=663"}],"wp:term":[{"taxonomy":"category","embeddable":true,"href":"https:\/\/blogdoedvaldomagalhaes.com.br\/index.php\/wp-json\/wp\/v2\/categories?post=663"},{"taxonomy":"post_tag","embeddable":true,"href":"https:\/\/blogdoedvaldomagalhaes.com.br\/index.php\/wp-json\/wp\/v2\/tags?post=663"}],"curies":[{"name":"wp","href":"https:\/\/api.w.org\/{rel}","templated":true}]}}