{"id":6616,"date":"2017-03-04T15:57:00","date_gmt":"2017-03-04T18:57:00","guid":{"rendered":"http:\/\/blogdoedvaldomagalhaes.com.br\/index.php\/2017\/03\/04\/homem-provoca-incendio-em-residencia\/"},"modified":"2019-02-09T01:19:03","modified_gmt":"2019-02-09T03:19:03","slug":"homem-provoca-incendio-em-residencia","status":"publish","type":"post","link":"https:\/\/blogdoedvaldomagalhaes.com.br\/index.php\/2017\/03\/04\/homem-provoca-incendio-em-residencia\/","title":{"rendered":"Homem provoca inc\u00eandio em resid\u00eancia ap\u00f3s discuss\u00e3o em Caruaru"},"content":{"rendered":"<div class=\"separator\" style=\"clear: both; text-align: center;\">\n<a href=\"https:\/\/1.bp.blogspot.com\/-GECdfU_P-KI\/WLrit3mYHOI\/AAAAAAAAQ54\/UPHfsPj7syEG2SJDFdvyeXv52noN9ZmAACLcB\/s1600\/italine.jpeg\" imageanchor=\"1\" style=\"margin-left: 1em; margin-right: 1em;\"><img loading=\"lazy\" decoding=\"async\" border=\"0\" height=\"300\" src=\"http:\/\/blogdoedvaldomagalhaes.com.br\/wp-content\/uploads\/2017\/03\/italine.jpeg\" width=\"400\" \/><\/a><\/div>\n<div class=\"separator\" style=\"clear: both; text-align: center;\">\nFoto: Tallyne Marques\/TV Asa Branca<\/div>\n<div style=\"background-color: white; box-sizing: border-box; line-height: 26px; margin-bottom: 26px; text-align: justify;\">\n<\/div>\n<div style=\"background-color: white; box-sizing: border-box; line-height: 26px; margin-bottom: 26px; text-align: justify;\">\nUm inc\u00eandio ocorreu na Travessa Americano Freire, no bairro do Salgado, na manh\u00e3 deste s\u00e1bado (4), os Bombeiros foram ao local e controlaram o foco de inc\u00eandio, que estava na parte externa da casa. O fogo n\u00e3o chegou a atingir a parte interna do local, porque a a\u00e7\u00e3o do militares foi r\u00e1pida.<\/div>\n<div style=\"background-color: white; box-sizing: border-box; line-height: 26px; margin-bottom: 26px; text-align: justify;\">\nSegundo informa\u00e7\u00f5es dos moradores, houve uma discuss\u00e3o no local, e logo em seguida, um homem ainda n\u00e3o identificado, ateou fogo na casa e fugiu tomando destino ignorado.<\/p>\n<div class=\"separator\" style=\"clear: both; text-align: center;\">\n<a href=\"http:\/\/blogdoedvaldomagalhaes.com.br\/wp-content\/uploads\/2017\/03\/6-STR-2.jpg\" imageanchor=\"1\" style=\"clear: left; float: left; margin-bottom: 1em; margin-right: 1em;\"><img decoding=\"async\" border=\"0\" src=\"http:\/\/blogdoedvaldomagalhaes.com.br\/wp-content\/uploads\/2017\/03\/6-STR-2.jpg\" \/><\/a><\/div>\n<p><\/div>\n","protected":false},"excerpt":{"rendered":"<p>Foto: Tallyne Marques\/TV Asa Branca Um inc\u00eandio ocorreu na Travessa Americano Freire, no bairro do Salgado, na manh\u00e3 deste s\u00e1bado&hellip;<\/p>\n","protected":false},"author":1,"featured_media":0,"comment_status":"open","ping_status":"open","sticky":false,"template":"","format":"standard","meta":{"footnotes":""},"categories":[1],"tags":[7982,992,8978,6],"class_list":["post-6616","post","type-post","status-publish","format-standard","hentry","category-sem-categoria","tag-bairro-do-salgado","tag-blog-do-edvaldo-do-magalhaes","tag-homem-provoca-incendio-em-residencia-apos-discussao-em-caruaru","tag-noticias"],"_links":{"self":[{"href":"https:\/\/blogdoedvaldomagalhaes.com.br\/index.php\/wp-json\/wp\/v2\/posts\/6616","targetHints":{"allow":["GET"]}}],"collection":[{"href":"https:\/\/blogdoedvaldomagalhaes.com.br\/index.php\/wp-json\/wp\/v2\/posts"}],"about":[{"href":"https:\/\/blogdoedvaldomagalhaes.com.br\/index.php\/wp-json\/wp\/v2\/types\/post"}],"author":[{"embeddable":true,"href":"https:\/\/blogdoedvaldomagalhaes.com.br\/index.php\/wp-json\/wp\/v2\/users\/1"}],"replies":[{"embeddable":true,"href":"https:\/\/blogdoedvaldomagalhaes.com.br\/index.php\/wp-json\/wp\/v2\/comments?post=6616"}],"version-history":[{"count":1,"href":"https:\/\/blogdoedvaldomagalhaes.com.br\/index.php\/wp-json\/wp\/v2\/posts\/6616\/revisions"}],"predecessor-version":[{"id":17432,"href":"https:\/\/blogdoedvaldomagalhaes.com.br\/index.php\/wp-json\/wp\/v2\/posts\/6616\/revisions\/17432"}],"wp:attachment":[{"href":"https:\/\/blogdoedvaldomagalhaes.com.br\/index.php\/wp-json\/wp\/v2\/media?parent=6616"}],"wp:term":[{"taxonomy":"category","embeddable":true,"href":"https:\/\/blogdoedvaldomagalhaes.com.br\/index.php\/wp-json\/wp\/v2\/categories?post=6616"},{"taxonomy":"post_tag","embeddable":true,"href":"https:\/\/blogdoedvaldomagalhaes.com.br\/index.php\/wp-json\/wp\/v2\/tags?post=6616"}],"curies":[{"name":"wp","href":"https:\/\/api.w.org\/{rel}","templated":true}]}}