{"id":66135,"date":"2021-01-21T11:46:14","date_gmt":"2021-01-21T14:46:14","guid":{"rendered":"https:\/\/blogdoedvaldomagalhaes.com.br\/?p=66135"},"modified":"2021-01-21T11:46:16","modified_gmt":"2021-01-21T14:46:16","slug":"deputado-lessa-se-reune-com-prefeito-de-sao-caitano","status":"publish","type":"post","link":"https:\/\/blogdoedvaldomagalhaes.com.br\/index.php\/2021\/01\/21\/deputado-lessa-se-reune-com-prefeito-de-sao-caitano\/","title":{"rendered":"Deputado Lessa se re\u00fane com prefeito de S\u00e3o Caitano"},"content":{"rendered":"<p style=\"text-align: justify;\"><span style=\"font-size: inherit;\">O deputado estadual Delegado Erick Lessa vem cumprindo agendas em cidades do interior de Pernambuco, com o intuito de promover a\u00e7\u00f5es de desenvolvimento regional. Na ter\u00e7a-feira (19), ele esteve no munic\u00edpio de S\u00e3o Caetano, onde se reuniu com o prefeito, Josaf\u00e1 Almeida. O secret\u00e1rio de Obras e Urbanismo, Cl\u00e9cio Leal, e o engenheiro Carlos Fernando tamb\u00e9m participaram do encontro.<\/span><\/p>\n<p style=\"text-align: justify;\">Na ocasi\u00e3o, foram debatidos projetos que visam incrementar as potencialidades da regi\u00e3o. O gestor municipal refor\u00e7ou que a integra\u00e7\u00e3o e o di\u00e1logo entre os representantes dos poderes Executivo e Legislativo s\u00e3o fundamentais para garantir uma melhor presta\u00e7\u00e3o dos servi\u00e7os p\u00fablicos.<\/p>\n<p style=\"text-align: justify;\">O deputado Erick Lessa colocou-se \u00e0 disposi\u00e7\u00e3o para ampliar o di\u00e1logo e unir esfor\u00e7os em prol do Agreste pernambucano. \u201cNosso trabalho \u00e9 feito pensando no bem-estar das pessoas. Queremos equilibrar o desenvolvimento da nossa regi\u00e3o, sobretudo neste momento de retomada das atividades econ\u00f4micas devido \u00e0 pandemia da covid-19\u201d, ressalta.<\/p>\n<p style=\"text-align: justify;\">Foto: Viliane Gomes.<\/p>\n","protected":false},"excerpt":{"rendered":"<p>O deputado estadual Delegado Erick Lessa vem cumprindo agendas em cidades do interior de Pernambuco, com o intuito de promover&hellip;<\/p>\n","protected":false},"author":1,"featured_media":66136,"comment_status":"open","ping_status":"open","sticky":false,"template":"","format":"standard","meta":{"footnotes":""},"categories":[14122],"tags":[2,19532,20673,9402,20],"class_list":["post-66135","post","type-post","status-publish","format-standard","has-post-thumbnail","hentry","category-politica","tag-blog-do-edvaldo-magalhaes","tag-blog-mais-acessado-e-visualizado-de-caruaru-e-regiao","tag-deputado-lessa-se-reune-com-prefeito-de-sao-caitano","tag-erick-lessa","tag-politica"],"_links":{"self":[{"href":"https:\/\/blogdoedvaldomagalhaes.com.br\/index.php\/wp-json\/wp\/v2\/posts\/66135","targetHints":{"allow":["GET"]}}],"collection":[{"href":"https:\/\/blogdoedvaldomagalhaes.com.br\/index.php\/wp-json\/wp\/v2\/posts"}],"about":[{"href":"https:\/\/blogdoedvaldomagalhaes.com.br\/index.php\/wp-json\/wp\/v2\/types\/post"}],"author":[{"embeddable":true,"href":"https:\/\/blogdoedvaldomagalhaes.com.br\/index.php\/wp-json\/wp\/v2\/users\/1"}],"replies":[{"embeddable":true,"href":"https:\/\/blogdoedvaldomagalhaes.com.br\/index.php\/wp-json\/wp\/v2\/comments?post=66135"}],"version-history":[{"count":1,"href":"https:\/\/blogdoedvaldomagalhaes.com.br\/index.php\/wp-json\/wp\/v2\/posts\/66135\/revisions"}],"predecessor-version":[{"id":66137,"href":"https:\/\/blogdoedvaldomagalhaes.com.br\/index.php\/wp-json\/wp\/v2\/posts\/66135\/revisions\/66137"}],"wp:featuredmedia":[{"embeddable":true,"href":"https:\/\/blogdoedvaldomagalhaes.com.br\/index.php\/wp-json\/wp\/v2\/media\/66136"}],"wp:attachment":[{"href":"https:\/\/blogdoedvaldomagalhaes.com.br\/index.php\/wp-json\/wp\/v2\/media?parent=66135"}],"wp:term":[{"taxonomy":"category","embeddable":true,"href":"https:\/\/blogdoedvaldomagalhaes.com.br\/index.php\/wp-json\/wp\/v2\/categories?post=66135"},{"taxonomy":"post_tag","embeddable":true,"href":"https:\/\/blogdoedvaldomagalhaes.com.br\/index.php\/wp-json\/wp\/v2\/tags?post=66135"}],"curies":[{"name":"wp","href":"https:\/\/api.w.org\/{rel}","templated":true}]}}