{"id":66036,"date":"2021-01-18T23:55:22","date_gmt":"2021-01-19T02:55:22","guid":{"rendered":"https:\/\/blogdoedvaldomagalhaes.com.br\/?p=66036"},"modified":"2021-01-18T23:55:24","modified_gmt":"2021-01-19T02:55:24","slug":"profissional-de-saude-e-a-primeira-pessoa-vacinada-contra-a-covid-19-em-pernambuco","status":"publish","type":"post","link":"https:\/\/blogdoedvaldomagalhaes.com.br\/index.php\/2021\/01\/18\/profissional-de-saude-e-a-primeira-pessoa-vacinada-contra-a-covid-19-em-pernambuco\/","title":{"rendered":"Profissional de sa\u00fade \u00e9 a primeira pessoa vacinada contra a covid-19 em Pernambuco"},"content":{"rendered":"\n<p><\/p>\n\n\n<p style=\"text-align: justify;\">A primeira pernambucana a ser vacinada contra a Covid-19 no Estado \u00e9 a t\u00e9cnica de Enfermagem Perp\u00e9tua do Socorro Barbosa dos Santos, de 52 anos, moradora do Ibura. J\u00e1 s\u00e3o tr\u00eas d\u00e9cadas dedicadas ao trabalho dentro do Hospital Universit\u00e1rio Oswaldo Cruz, no bairro de Santo Amaro, no Recife. A profissional, que costuma trabalhar em esquema de plant\u00e3o de 12 horas, est\u00e1 h\u00e1 25 anos atuando na Unidade de Terapia Intensiva (UTI) voltada para doen\u00e7as infecciosas, o que a classifica como a mais antiga do setor.<\/p>\n<p style=\"text-align: justify;\">A t\u00e9cnica de Enfermagem sempre quis atuar na \u00e1rea da Sa\u00fade para ajudar as pessoas a \u201cdiminu\u00edrem seus sofrimentos\u201d. Acostumada a lidar com pacientes com t\u00e9tano, leptospirose e HIV, disse que viveu dias de \u201cguerra\u201d com os desafios impostos pela pandemia da Covid-19 nos \u00faltimos meses. \u201cN\u00e3o t\u00ednhamos tempo para nada\u201d, resumiu a profissional ao se lembrar do tratamento com os in\u00fameros pacientes. Mas Perp\u00e9tua se diz esperan\u00e7osa com um novo tempo que se inicia com a vacina\u00e7\u00e3o. \u201cEstou animada, ansiosa e feliz! \u00c9 uma vit\u00f3ria, que se aproxima e chegou com a vacina. Temos que confiar nela\u201d, concluiu.<\/p>","protected":false},"excerpt":{"rendered":"<p>A primeira pernambucana a ser vacinada contra a Covid-19 no Estado \u00e9 a t\u00e9cnica de Enfermagem Perp\u00e9tua do Socorro Barbosa&hellip;<\/p>\n","protected":false},"author":1,"featured_media":66037,"comment_status":"open","ping_status":"open","sticky":false,"template":"","format":"standard","meta":{"footnotes":""},"categories":[14120],"tags":[2,19418,19670,20653],"class_list":["post-66036","post","type-post","status-publish","format-standard","has-post-thumbnail","hentry","category-noticias","tag-blog-do-edvaldo-magalhaes","tag-blog-mais-acessado-de-caruaru-e-regiao","tag-novo-coronavirus","tag-profissional-de-saude-e-a-primeira-pessoa-vacinada-contra-a-covid-19-em-pernambuco"],"_links":{"self":[{"href":"https:\/\/blogdoedvaldomagalhaes.com.br\/index.php\/wp-json\/wp\/v2\/posts\/66036","targetHints":{"allow":["GET"]}}],"collection":[{"href":"https:\/\/blogdoedvaldomagalhaes.com.br\/index.php\/wp-json\/wp\/v2\/posts"}],"about":[{"href":"https:\/\/blogdoedvaldomagalhaes.com.br\/index.php\/wp-json\/wp\/v2\/types\/post"}],"author":[{"embeddable":true,"href":"https:\/\/blogdoedvaldomagalhaes.com.br\/index.php\/wp-json\/wp\/v2\/users\/1"}],"replies":[{"embeddable":true,"href":"https:\/\/blogdoedvaldomagalhaes.com.br\/index.php\/wp-json\/wp\/v2\/comments?post=66036"}],"version-history":[{"count":1,"href":"https:\/\/blogdoedvaldomagalhaes.com.br\/index.php\/wp-json\/wp\/v2\/posts\/66036\/revisions"}],"predecessor-version":[{"id":66038,"href":"https:\/\/blogdoedvaldomagalhaes.com.br\/index.php\/wp-json\/wp\/v2\/posts\/66036\/revisions\/66038"}],"wp:featuredmedia":[{"embeddable":true,"href":"https:\/\/blogdoedvaldomagalhaes.com.br\/index.php\/wp-json\/wp\/v2\/media\/66037"}],"wp:attachment":[{"href":"https:\/\/blogdoedvaldomagalhaes.com.br\/index.php\/wp-json\/wp\/v2\/media?parent=66036"}],"wp:term":[{"taxonomy":"category","embeddable":true,"href":"https:\/\/blogdoedvaldomagalhaes.com.br\/index.php\/wp-json\/wp\/v2\/categories?post=66036"},{"taxonomy":"post_tag","embeddable":true,"href":"https:\/\/blogdoedvaldomagalhaes.com.br\/index.php\/wp-json\/wp\/v2\/tags?post=66036"}],"curies":[{"name":"wp","href":"https:\/\/api.w.org\/{rel}","templated":true}]}}