{"id":6603,"date":"2017-03-06T20:23:00","date_gmt":"2017-03-06T23:23:00","guid":{"rendered":"http:\/\/blogdoedvaldomagalhaes.com.br\/index.php\/2017\/03\/06\/associacao-elabora-projeto-para\/"},"modified":"2019-02-09T01:19:16","modified_gmt":"2019-02-09T03:19:16","slug":"associacao-elabora-projeto-para","status":"publish","type":"post","link":"https:\/\/blogdoedvaldomagalhaes.com.br\/index.php\/2017\/03\/06\/associacao-elabora-projeto-para\/","title":{"rendered":"Associa\u00e7\u00e3o elabora projeto para regulariza\u00e7\u00e3o das ruas do Alto do Moura"},"content":{"rendered":"<div class=\"separator\" style=\"clear: both; text-align: center;\">\n<a href=\"https:\/\/2.bp.blogspot.com\/-QZ671eNTAlc\/WL3FI2u5wjI\/AAAAAAAAQ_s\/5KTQ-KJIPIkCLVL0VmN3Yr6i7lKGj9qoQCLcB\/s1600\/alto%2Bdo%2Bmoura.jpg\" imageanchor=\"1\" style=\"margin-left: 1em; margin-right: 1em;\"><img loading=\"lazy\" decoding=\"async\" border=\"0\" height=\"225\" src=\"http:\/\/blogdoedvaldomagalhaes.com.br\/wp-content\/uploads\/2017\/03\/altodomoura.jpg\" width=\"400\" \/><\/a><\/div>\n<div class=\"MsoNormal\" style=\"text-align: justify;\">\n<\/div>\n<div class=\"MsoNormal\" style=\"text-align: justify;\">\nA &nbsp;Associa\u00e7\u00e3o dos Artes\u00e3os em Barro e Moradores do Alto do Moura (ABMAM) est\u00e1<br \/>\nelaborando um projeto (nome das ruas ser\u00e1 o nome das pe\u00e7as de barro) para<br \/>\nregulariza\u00e7\u00e3o (Placas e CEPs) das ruas do Alto do Moura, pois as<br \/>\ncorrespond\u00eancias s\u00e3o entregues nas caixas postais que ficam na ABMAM, e estas<br \/>\nn\u00e3o correspondem mais com o n\u00famero de habitantes desta comunidade, sem falar na<br \/>\ndefici\u00eancia na entrega que chega at\u00e9 20 dias.<\/p>\n<p><\/p>\n<div class=\"separator\" style=\"clear: both; text-align: center;\">\n<a href=\"http:\/\/blogdoedvaldomagalhaes.com.br\/wp-content\/uploads\/2017\/03\/2-SISMUC-2.jpg\" imageanchor=\"1\" style=\"clear: left; float: left; margin-bottom: 1em; margin-right: 1em;\"><img decoding=\"async\" border=\"0\" src=\"http:\/\/blogdoedvaldomagalhaes.com.br\/wp-content\/uploads\/2017\/03\/2-SISMUC-2.jpg\" \/><\/a><\/div>\n<p><\/div>\n","protected":false},"excerpt":{"rendered":"<p>A &nbsp;Associa\u00e7\u00e3o dos Artes\u00e3os em Barro e Moradores do Alto do Moura (ABMAM) est\u00e1 elaborando um projeto (nome das ruas&hellip;<\/p>\n","protected":false},"author":1,"featured_media":0,"comment_status":"open","ping_status":"open","sticky":false,"template":"","format":"standard","meta":{"footnotes":""},"categories":[1],"tags":[8956,992,6],"class_list":["post-6603","post","type-post","status-publish","format-standard","hentry","category-sem-categoria","tag-associacao-elabora-projeto-para-regularizacao-das-do-alto-do-moura","tag-blog-do-edvaldo-do-magalhaes","tag-noticias"],"_links":{"self":[{"href":"https:\/\/blogdoedvaldomagalhaes.com.br\/index.php\/wp-json\/wp\/v2\/posts\/6603","targetHints":{"allow":["GET"]}}],"collection":[{"href":"https:\/\/blogdoedvaldomagalhaes.com.br\/index.php\/wp-json\/wp\/v2\/posts"}],"about":[{"href":"https:\/\/blogdoedvaldomagalhaes.com.br\/index.php\/wp-json\/wp\/v2\/types\/post"}],"author":[{"embeddable":true,"href":"https:\/\/blogdoedvaldomagalhaes.com.br\/index.php\/wp-json\/wp\/v2\/users\/1"}],"replies":[{"embeddable":true,"href":"https:\/\/blogdoedvaldomagalhaes.com.br\/index.php\/wp-json\/wp\/v2\/comments?post=6603"}],"version-history":[{"count":1,"href":"https:\/\/blogdoedvaldomagalhaes.com.br\/index.php\/wp-json\/wp\/v2\/posts\/6603\/revisions"}],"predecessor-version":[{"id":17486,"href":"https:\/\/blogdoedvaldomagalhaes.com.br\/index.php\/wp-json\/wp\/v2\/posts\/6603\/revisions\/17486"}],"wp:attachment":[{"href":"https:\/\/blogdoedvaldomagalhaes.com.br\/index.php\/wp-json\/wp\/v2\/media?parent=6603"}],"wp:term":[{"taxonomy":"category","embeddable":true,"href":"https:\/\/blogdoedvaldomagalhaes.com.br\/index.php\/wp-json\/wp\/v2\/categories?post=6603"},{"taxonomy":"post_tag","embeddable":true,"href":"https:\/\/blogdoedvaldomagalhaes.com.br\/index.php\/wp-json\/wp\/v2\/tags?post=6603"}],"curies":[{"name":"wp","href":"https:\/\/api.w.org\/{rel}","templated":true}]}}