{"id":66013,"date":"2021-01-18T14:53:26","date_gmt":"2021-01-18T17:53:26","guid":{"rendered":"https:\/\/blogdoedvaldomagalhaes.com.br\/?p=66013"},"modified":"2021-01-18T14:53:27","modified_gmt":"2021-01-18T17:53:27","slug":"vacinas-para-a-covid-19-devem-chegar-a-pernambuco-na-noite-desta-segunda-18","status":"publish","type":"post","link":"https:\/\/blogdoedvaldomagalhaes.com.br\/index.php\/2021\/01\/18\/vacinas-para-a-covid-19-devem-chegar-a-pernambuco-na-noite-desta-segunda-18\/","title":{"rendered":"Vacinas para a covid-19 devem chegar a Pernambuco na noite desta segunda (18)"},"content":{"rendered":"<p style=\"text-align: justify;\">O Governo de Pernambuco inicia, ainda nesta segunda (18) a distribui\u00e7\u00e3o das mais de 270 mil doses da vacina CoronaVac aos munic\u00edpios do Estado. A previs\u00e3o \u00e9 que essas doses iniciais sejam recebidas \u00e0s 19h40 de hoje, de acordo com informa\u00e7\u00f5es da Superintend\u00eancia do Minist\u00e9rio da Sa\u00fade. Posteriormente a isso, em 24 horas, as doses dever\u00e3o chegar \u00e0s 12 Ger\u00eancias Regionais de Sa\u00fade (GERES), respons\u00e1veis por encaminhar as vacinas aos postos de sa\u00fade dos munic\u00edpios. A a\u00e7\u00e3o de distribui\u00e7\u00e3o envolve cinco mil profissionais do efetivo da Secretaria de Defesa Social (SDS), incluindo servidores das Pol\u00edcias Militar, Civil e Cient\u00edfica e do Corpo de Bombeiros Militar.<\/p>\n<p style=\"text-align: justify;\">Estas vacinas v\u00e3o atender, no primeiro momento, aproximadamente 30% dos trabalhadores de sa\u00fade. Ser\u00e3o priorizados os que est\u00e3o na linha de frente, atendendo \u00e0 Covid-19. Al\u00e9m deste grupo, est\u00e3o inclu\u00eddos idosos com mais de 60 anos em Institui\u00e7\u00f5es de Longa Perman\u00eancia, como os asilos, e tamb\u00e9m deficientes internados em institui\u00e7\u00f5es e ind\u00edgenas aldeados. Ser\u00e3o utilizados na log\u00edstica de distribui\u00e7\u00e3o seis caminh\u00f5es, sendo quatro refrigerados, adequados para longas dist\u00e2ncias. Os ve\u00edculos n\u00e3o refrigerados n\u00e3o ensejam qualquer risco \u00e0s vacinas, pois elas est\u00e3o armazenadas em caixas t\u00e9rmicas a uma temperatura entre 4 a 8\u00ba, garantindo uma durabilidade de no m\u00ednimo 48 horas.<\/p>\n","protected":false},"excerpt":{"rendered":"<p>O Governo de Pernambuco inicia, ainda nesta segunda (18) a distribui\u00e7\u00e3o das mais de 270 mil doses da vacina CoronaVac&hellip;<\/p>\n","protected":false},"author":1,"featured_media":66014,"comment_status":"open","ping_status":"open","sticky":false,"template":"","format":"standard","meta":{"footnotes":""},"categories":[14120],"tags":[2,19418,3140,19670,20648],"class_list":["post-66013","post","type-post","status-publish","format-standard","has-post-thumbnail","hentry","category-noticias","tag-blog-do-edvaldo-magalhaes","tag-blog-mais-acessado-de-caruaru-e-regiao","tag-noticias-de-pernambuco","tag-novo-coronavirus","tag-vacinas-para-a-covid-19-devem-chegar-a-pernambuco-na-noite-desta-segunda-18"],"_links":{"self":[{"href":"https:\/\/blogdoedvaldomagalhaes.com.br\/index.php\/wp-json\/wp\/v2\/posts\/66013","targetHints":{"allow":["GET"]}}],"collection":[{"href":"https:\/\/blogdoedvaldomagalhaes.com.br\/index.php\/wp-json\/wp\/v2\/posts"}],"about":[{"href":"https:\/\/blogdoedvaldomagalhaes.com.br\/index.php\/wp-json\/wp\/v2\/types\/post"}],"author":[{"embeddable":true,"href":"https:\/\/blogdoedvaldomagalhaes.com.br\/index.php\/wp-json\/wp\/v2\/users\/1"}],"replies":[{"embeddable":true,"href":"https:\/\/blogdoedvaldomagalhaes.com.br\/index.php\/wp-json\/wp\/v2\/comments?post=66013"}],"version-history":[{"count":1,"href":"https:\/\/blogdoedvaldomagalhaes.com.br\/index.php\/wp-json\/wp\/v2\/posts\/66013\/revisions"}],"predecessor-version":[{"id":66015,"href":"https:\/\/blogdoedvaldomagalhaes.com.br\/index.php\/wp-json\/wp\/v2\/posts\/66013\/revisions\/66015"}],"wp:featuredmedia":[{"embeddable":true,"href":"https:\/\/blogdoedvaldomagalhaes.com.br\/index.php\/wp-json\/wp\/v2\/media\/66014"}],"wp:attachment":[{"href":"https:\/\/blogdoedvaldomagalhaes.com.br\/index.php\/wp-json\/wp\/v2\/media?parent=66013"}],"wp:term":[{"taxonomy":"category","embeddable":true,"href":"https:\/\/blogdoedvaldomagalhaes.com.br\/index.php\/wp-json\/wp\/v2\/categories?post=66013"},{"taxonomy":"post_tag","embeddable":true,"href":"https:\/\/blogdoedvaldomagalhaes.com.br\/index.php\/wp-json\/wp\/v2\/tags?post=66013"}],"curies":[{"name":"wp","href":"https:\/\/api.w.org\/{rel}","templated":true}]}}