{"id":66007,"date":"2021-01-18T12:58:22","date_gmt":"2021-01-18T15:58:22","guid":{"rendered":"https:\/\/blogdoedvaldomagalhaes.com.br\/?p=66007"},"modified":"2021-01-18T13:00:46","modified_gmt":"2021-01-18T16:00:46","slug":"pernambuco-registra-323-novos-casos-de-covid-19-e-mais-11-mortes","status":"publish","type":"post","link":"https:\/\/blogdoedvaldomagalhaes.com.br\/index.php\/2021\/01\/18\/pernambuco-registra-323-novos-casos-de-covid-19-e-mais-11-mortes\/","title":{"rendered":"Pernambuco registra 323 novos casos de covid-19 e mais 11 mortes"},"content":{"rendered":"<p style=\"text-align: justify;\">A Secretaria Estadual de Sa\u00fade (SES-PE) registrou, nesta segunda-feira (18\/01),\u00a0<b>322 casos da Covid-19<\/b>. Entre os confirmados hoje, 33 (10%) s\u00e3o casos de S\u00edndrome Respirat\u00f3ria Aguda Grave (SRAG) e 289 (90%) s\u00e3o leves. Agora,\u00a0<b>Pernambuco totaliza 241.409 casos confirmados da doen\u00e7a<\/b>, sendo 30.343 graves e 211.066 leves.<\/p>\n<p><b>Tamb\u00e9m foram confirmados 11 \u00f3bitos<\/b>, ocorridos entre os dias 03\/12\/2020 e 17\/01\/2021. Com isso, o\u00a0<b>Estado totaliza 10.031 mortes pela Covid-19<\/b>. Os detalhes epidemiol\u00f3gicos ser\u00e3o repassados ao longo do dia pela Secretaria Estadual de Sa\u00fade.<\/p>\n","protected":false},"excerpt":{"rendered":"<p>A Secretaria Estadual de Sa\u00fade (SES-PE) registrou, nesta segunda-feira (18\/01),\u00a0322 casos da Covid-19. Entre os confirmados hoje, 33 (10%) s\u00e3o&hellip;<\/p>\n","protected":false},"author":1,"featured_media":66009,"comment_status":"open","ping_status":"open","sticky":false,"template":"","format":"standard","meta":{"footnotes":""},"categories":[14120],"tags":[2,19532,17559,19670,20646],"class_list":["post-66007","post","type-post","status-publish","format-standard","has-post-thumbnail","hentry","category-noticias","tag-blog-do-edvaldo-magalhaes","tag-blog-mais-acessado-e-visualizado-de-caruaru-e-regiao","tag-covid-19","tag-novo-coronavirus","tag-pernambuco-registra-323-novos-casos-de-covid-19-e-mais-11-mortes"],"_links":{"self":[{"href":"https:\/\/blogdoedvaldomagalhaes.com.br\/index.php\/wp-json\/wp\/v2\/posts\/66007","targetHints":{"allow":["GET"]}}],"collection":[{"href":"https:\/\/blogdoedvaldomagalhaes.com.br\/index.php\/wp-json\/wp\/v2\/posts"}],"about":[{"href":"https:\/\/blogdoedvaldomagalhaes.com.br\/index.php\/wp-json\/wp\/v2\/types\/post"}],"author":[{"embeddable":true,"href":"https:\/\/blogdoedvaldomagalhaes.com.br\/index.php\/wp-json\/wp\/v2\/users\/1"}],"replies":[{"embeddable":true,"href":"https:\/\/blogdoedvaldomagalhaes.com.br\/index.php\/wp-json\/wp\/v2\/comments?post=66007"}],"version-history":[{"count":1,"href":"https:\/\/blogdoedvaldomagalhaes.com.br\/index.php\/wp-json\/wp\/v2\/posts\/66007\/revisions"}],"predecessor-version":[{"id":66008,"href":"https:\/\/blogdoedvaldomagalhaes.com.br\/index.php\/wp-json\/wp\/v2\/posts\/66007\/revisions\/66008"}],"wp:featuredmedia":[{"embeddable":true,"href":"https:\/\/blogdoedvaldomagalhaes.com.br\/index.php\/wp-json\/wp\/v2\/media\/66009"}],"wp:attachment":[{"href":"https:\/\/blogdoedvaldomagalhaes.com.br\/index.php\/wp-json\/wp\/v2\/media?parent=66007"}],"wp:term":[{"taxonomy":"category","embeddable":true,"href":"https:\/\/blogdoedvaldomagalhaes.com.br\/index.php\/wp-json\/wp\/v2\/categories?post=66007"},{"taxonomy":"post_tag","embeddable":true,"href":"https:\/\/blogdoedvaldomagalhaes.com.br\/index.php\/wp-json\/wp\/v2\/tags?post=66007"}],"curies":[{"name":"wp","href":"https:\/\/api.w.org\/{rel}","templated":true}]}}