{"id":66002,"date":"2021-01-18T11:13:17","date_gmt":"2021-01-18T14:13:17","guid":{"rendered":"https:\/\/blogdoedvaldomagalhaes.com.br\/?p=66002"},"modified":"2021-01-18T11:13:18","modified_gmt":"2021-01-18T14:13:18","slug":"procurado-por-ameaca-e-extorsao-e-detido-na-br-101-em-pernambuco","status":"publish","type":"post","link":"https:\/\/blogdoedvaldomagalhaes.com.br\/index.php\/2021\/01\/18\/procurado-por-ameaca-e-extorsao-e-detido-na-br-101-em-pernambuco\/","title":{"rendered":"Procurado por amea\u00e7a e extors\u00e3o \u00e9 detido na BR 101, em Pernambuco"},"content":{"rendered":"<p style=\"text-align: justify;\"><span style=\"font-size: inherit;\">Um homem de 32 anos que possu\u00eda um mandado de pris\u00e3o em aberto pelos crimes de amea\u00e7a e extors\u00e3o foi detido no domingo (17), pela Pol\u00edcia Rodovi\u00e1ria Federal (PRF), na BR 101, em Igarassu, na Regi\u00e3o Metropolitana do Recife. Ele era procurado desde o dia 11 de janeiro deste ano, a partir de um mandado expedido pela Vara \u00danica de Juazeirinho, na Para\u00edba.<\/span><\/p>\n<p style=\"text-align: justify;\">Policiais realizavam uma fiscaliza\u00e7\u00e3o no Km 29 da rodovia, quando abordaram um carro com placas de Salvador, na Bahia. Ap\u00f3s uma verifica\u00e7\u00e3o no documento apresentado pelo motorista, foi constatado que ele era procurado pela justi\u00e7a. Em revista no carro, a equipe encontrou uma pistola de ar comprimido embaixo do banco do motorista.<\/p>\n<p style=\"text-align: justify;\">O homem informou que portava a arma para pr\u00e1tica esportiva, mas n\u00e3o deu detalhes sobre os crimes. Ele foi encaminhado junto com a pistola \u00e0 Delegacia de Pol\u00edcia Civil de Paulista, no Grande Recife, para a continuidade dos procedimentos legais.<\/p>\n\n\n<figure class=\"wp-block-image size-large\"><img loading=\"lazy\" decoding=\"async\" width=\"1024\" height=\"1024\" src=\"https:\/\/blogdoedvaldomagalhaes.com.br\/wp-content\/uploads\/2021\/01\/IMG-20210118-WA0011-1024x1024.jpg\" alt=\"\" class=\"wp-image-66004\" srcset=\"https:\/\/blogdoedvaldomagalhaes.com.br\/wp-content\/uploads\/2021\/01\/IMG-20210118-WA0011-1024x1024.jpg 1024w, https:\/\/blogdoedvaldomagalhaes.com.br\/wp-content\/uploads\/2021\/01\/IMG-20210118-WA0011-300x300.jpg 300w, https:\/\/blogdoedvaldomagalhaes.com.br\/wp-content\/uploads\/2021\/01\/IMG-20210118-WA0011-150x150.jpg 150w, https:\/\/blogdoedvaldomagalhaes.com.br\/wp-content\/uploads\/2021\/01\/IMG-20210118-WA0011-768x768.jpg 768w, https:\/\/blogdoedvaldomagalhaes.com.br\/wp-content\/uploads\/2021\/01\/IMG-20210118-WA0011.jpg 1280w\" sizes=\"auto, (max-width: 1024px) 100vw, 1024px\" \/><\/figure>\n\n\n\n<figure class=\"wp-block-image size-large\"><img loading=\"lazy\" decoding=\"async\" width=\"1024\" height=\"1024\" src=\"https:\/\/blogdoedvaldomagalhaes.com.br\/wp-content\/uploads\/2021\/01\/IMG-20210118-WA0012-1024x1024.jpg\" alt=\"\" class=\"wp-image-66005\" srcset=\"https:\/\/blogdoedvaldomagalhaes.com.br\/wp-content\/uploads\/2021\/01\/IMG-20210118-WA0012-1024x1024.jpg 1024w, https:\/\/blogdoedvaldomagalhaes.com.br\/wp-content\/uploads\/2021\/01\/IMG-20210118-WA0012-300x300.jpg 300w, https:\/\/blogdoedvaldomagalhaes.com.br\/wp-content\/uploads\/2021\/01\/IMG-20210118-WA0012-150x150.jpg 150w, https:\/\/blogdoedvaldomagalhaes.com.br\/wp-content\/uploads\/2021\/01\/IMG-20210118-WA0012-768x768.jpg 768w, https:\/\/blogdoedvaldomagalhaes.com.br\/wp-content\/uploads\/2021\/01\/IMG-20210118-WA0012.jpg 1280w\" sizes=\"auto, (max-width: 1024px) 100vw, 1024px\" \/><figcaption>Fotos: PRF\/Divulga\u00e7\u00e3o<\/figcaption><\/figure>\n","protected":false},"excerpt":{"rendered":"<p>Um homem de 32 anos que possu\u00eda um mandado de pris\u00e3o em aberto pelos crimes de amea\u00e7a e extors\u00e3o foi&hellip;<\/p>\n","protected":false},"author":1,"featured_media":66003,"comment_status":"open","ping_status":"open","sticky":false,"template":"","format":"standard","meta":{"footnotes":""},"categories":[14121],"tags":[2,19532,2601,20645],"class_list":["post-66002","post","type-post","status-publish","format-standard","has-post-thumbnail","hentry","category-policial","tag-blog-do-edvaldo-magalhaes","tag-blog-mais-acessado-e-visualizado-de-caruaru-e-regiao","tag-igarassu","tag-procurado-por-ameaca-e-extorsao-e-detido-na-br-101-em-pernambuco"],"_links":{"self":[{"href":"https:\/\/blogdoedvaldomagalhaes.com.br\/index.php\/wp-json\/wp\/v2\/posts\/66002","targetHints":{"allow":["GET"]}}],"collection":[{"href":"https:\/\/blogdoedvaldomagalhaes.com.br\/index.php\/wp-json\/wp\/v2\/posts"}],"about":[{"href":"https:\/\/blogdoedvaldomagalhaes.com.br\/index.php\/wp-json\/wp\/v2\/types\/post"}],"author":[{"embeddable":true,"href":"https:\/\/blogdoedvaldomagalhaes.com.br\/index.php\/wp-json\/wp\/v2\/users\/1"}],"replies":[{"embeddable":true,"href":"https:\/\/blogdoedvaldomagalhaes.com.br\/index.php\/wp-json\/wp\/v2\/comments?post=66002"}],"version-history":[{"count":1,"href":"https:\/\/blogdoedvaldomagalhaes.com.br\/index.php\/wp-json\/wp\/v2\/posts\/66002\/revisions"}],"predecessor-version":[{"id":66006,"href":"https:\/\/blogdoedvaldomagalhaes.com.br\/index.php\/wp-json\/wp\/v2\/posts\/66002\/revisions\/66006"}],"wp:featuredmedia":[{"embeddable":true,"href":"https:\/\/blogdoedvaldomagalhaes.com.br\/index.php\/wp-json\/wp\/v2\/media\/66003"}],"wp:attachment":[{"href":"https:\/\/blogdoedvaldomagalhaes.com.br\/index.php\/wp-json\/wp\/v2\/media?parent=66002"}],"wp:term":[{"taxonomy":"category","embeddable":true,"href":"https:\/\/blogdoedvaldomagalhaes.com.br\/index.php\/wp-json\/wp\/v2\/categories?post=66002"},{"taxonomy":"post_tag","embeddable":true,"href":"https:\/\/blogdoedvaldomagalhaes.com.br\/index.php\/wp-json\/wp\/v2\/tags?post=66002"}],"curies":[{"name":"wp","href":"https:\/\/api.w.org\/{rel}","templated":true}]}}