{"id":66,"date":"2019-02-01T19:05:00","date_gmt":"2019-02-01T21:05:00","guid":{"rendered":"http:\/\/blogdoedvaldomagalhaes.com.br\/index.php\/2019\/02\/01\/confira-os-precos-dos-ingressos-para\/"},"modified":"2019-02-10T10:44:04","modified_gmt":"2019-02-10T13:44:04","slug":"confira-os-precos-dos-ingressos-para","status":"publish","type":"post","link":"https:\/\/blogdoedvaldomagalhaes.com.br\/index.php\/2019\/02\/01\/confira-os-precos-dos-ingressos-para\/","title":{"rendered":"Confira os pre\u00e7os dos ingressos para Central x Cear\u00e1 pela Copa do Brasil 2019"},"content":{"rendered":"<div class=\"separator\" style=\"clear: both; text-align: center;\">\n<a href=\"https:\/\/3.bp.blogspot.com\/-G2wPUISmhhU\/XFSX9JzkizI\/AAAAAAABB5A\/wM-UFBwfmNMNtNkw6A5Gm9UqqcPLkpyIQCLcBGAs\/s1600\/IMG-20190201-WA0123.jpg\" imageanchor=\"1\" style=\"margin-left: 1em; margin-right: 1em;\"><img loading=\"lazy\" decoding=\"async\" border=\"0\" data-original-height=\"1000\" data-original-width=\"1000\" height=\"640\" src=\"http:\/\/blogdoedvaldomagalhaes.com.br\/wp-content\/uploads\/2019\/02\/IMG-20190201-WA0123.jpg\" width=\"640\"><\/a><\/div>\n<div style=\"text-align: justify;\">\n<div style=\"background-color: white; box-sizing: border-box; line-height: 24px; margin-bottom: 10px;\">\nOs ingressos para a partida estar\u00e3o dispon\u00edveis a parir de segunda-feira (04), na Loja Oficial Patativa e bilheterias do Est\u00e1dio Lacerd\u00e3o. Os pre\u00e7os foram divulgados nesta sexta-feira (01).<\/div>\n<div style=\"background-color: white; box-sizing: border-box; line-height: 24px; margin-bottom: 10px;\">\nArquibancada R$ 30,00&nbsp;e meia\/s\u00f3cio R$ 15,00; cadeira R$ 60,00 e s\u00f3cio R$ 30,00; arquibancada promocional na Rua S\u00e3o Paulo R$ 20,00; arquibancada visitante R$ 40,00 e meia R$ 20,00.<\/div>\n<div style=\"background-color: white; box-sizing: border-box; line-height: 24px; margin-bottom: 10px;\">\nA Confedera\u00e7\u00e3o Brasileira de Futebol (CBF) aprovou o laudo da vigil\u00e2ncia sanit\u00e1ria do Lacerd\u00e3o. Com isso, o est\u00e1dio est\u00e1 apto para a estreia do Central na Copa do Brasil 2019. O confronto da Patativa ser\u00e1 contra o Cear\u00e1, na pr\u00f3xima quarta-feira (06), \u00e0s 21h15.<\/div>\n<\/div>\n","protected":false},"excerpt":{"rendered":"<p>Os ingressos para a partida estar\u00e3o dispon\u00edveis a parir de segunda-feira (04), na Loja Oficial Patativa e bilheterias do Est\u00e1dio&hellip;<\/p>\n","protected":false},"author":1,"featured_media":0,"comment_status":"open","ping_status":"open","sticky":false,"template":"","format":"standard","meta":{"footnotes":""},"categories":[14124,14123],"tags":[2,73,3],"class_list":["post-66","post","type-post","status-publish","format-standard","hentry","category-centralsc","category-futebol","tag-blog-do-edvaldo-magalhaes","tag-confira-os-precos-dos-ingressos-para-central-x-ceara-pela-copa-do-brasil-2019","tag-futebol"],"_links":{"self":[{"href":"https:\/\/blogdoedvaldomagalhaes.com.br\/index.php\/wp-json\/wp\/v2\/posts\/66","targetHints":{"allow":["GET"]}}],"collection":[{"href":"https:\/\/blogdoedvaldomagalhaes.com.br\/index.php\/wp-json\/wp\/v2\/posts"}],"about":[{"href":"https:\/\/blogdoedvaldomagalhaes.com.br\/index.php\/wp-json\/wp\/v2\/types\/post"}],"author":[{"embeddable":true,"href":"https:\/\/blogdoedvaldomagalhaes.com.br\/index.php\/wp-json\/wp\/v2\/users\/1"}],"replies":[{"embeddable":true,"href":"https:\/\/blogdoedvaldomagalhaes.com.br\/index.php\/wp-json\/wp\/v2\/comments?post=66"}],"version-history":[{"count":2,"href":"https:\/\/blogdoedvaldomagalhaes.com.br\/index.php\/wp-json\/wp\/v2\/posts\/66\/revisions"}],"predecessor-version":[{"id":38235,"href":"https:\/\/blogdoedvaldomagalhaes.com.br\/index.php\/wp-json\/wp\/v2\/posts\/66\/revisions\/38235"}],"wp:attachment":[{"href":"https:\/\/blogdoedvaldomagalhaes.com.br\/index.php\/wp-json\/wp\/v2\/media?parent=66"}],"wp:term":[{"taxonomy":"category","embeddable":true,"href":"https:\/\/blogdoedvaldomagalhaes.com.br\/index.php\/wp-json\/wp\/v2\/categories?post=66"},{"taxonomy":"post_tag","embeddable":true,"href":"https:\/\/blogdoedvaldomagalhaes.com.br\/index.php\/wp-json\/wp\/v2\/tags?post=66"}],"curies":[{"name":"wp","href":"https:\/\/api.w.org\/{rel}","templated":true}]}}