{"id":6585,"date":"2017-03-08T14:29:00","date_gmt":"2017-03-08T17:29:00","guid":{"rendered":"http:\/\/blogdoedvaldomagalhaes.com.br\/index.php\/2017\/03\/08\/passeata-do-sindicato-dos-trabalhadores\/"},"modified":"2019-02-09T01:19:25","modified_gmt":"2019-02-09T03:19:25","slug":"passeata-do-sindicato-dos-trabalhadores","status":"publish","type":"post","link":"https:\/\/blogdoedvaldomagalhaes.com.br\/index.php\/2017\/03\/08\/passeata-do-sindicato-dos-trabalhadores\/","title":{"rendered":"Passeata do Sindicato dos Trabalhadores Rurais de Caruaru"},"content":{"rendered":"<div class=\"separator\" style=\"clear: both; text-align: center;\">\n<\/div>\n<p><\/p>\n<div class=\"separator\" style=\"clear: both; text-align: center;\">\n<a href=\"https:\/\/1.bp.blogspot.com\/-CfyT60kLo3w\/WMAUYGRrceI\/AAAAAAAARGo\/abEWHjuBBKoanv3mZbjmOF7-ZK5clIdigCLcB\/s1600\/20170308_100546.jpg\" imageanchor=\"1\" style=\"margin-left: 1em; margin-right: 1em;\"><img loading=\"lazy\" decoding=\"async\" border=\"0\" height=\"225\" src=\"http:\/\/blogdoedvaldomagalhaes.com.br\/wp-content\/uploads\/2017\/03\/20170308_100546.jpg\" width=\"400\" \/><\/a><\/div>\n<div class=\"separator\" style=\"clear: both; text-align: center;\">\n<\/div>\n<div class=\"separator\" style=\"clear: both; text-align: center;\">\n<a href=\"https:\/\/2.bp.blogspot.com\/-sGGLWLiOl3Q\/WMAUdf0FsnI\/AAAAAAAARGs\/gYAcjUeA6NI-YE9gSInjoLnAMb6vtZwfQCLcB\/s1600\/20170308_094808.jpg\" imageanchor=\"1\" style=\"margin-left: 1em; margin-right: 1em;\"><img loading=\"lazy\" decoding=\"async\" border=\"0\" height=\"225\" src=\"http:\/\/blogdoedvaldomagalhaes.com.br\/wp-content\/uploads\/2017\/03\/20170308_094808.jpg\" width=\"400\" \/><\/a><\/div>\n<p><\/p>\n<div class=\"separator\" style=\"clear: both; text-align: center;\">\n<a href=\"https:\/\/3.bp.blogspot.com\/-J_9BoUTeJGM\/WMAUhqJYDlI\/AAAAAAAARGw\/CVCF2DKnzyg1Bfs_xfRe8y3sN3Q5FdI5gCLcB\/s1600\/20170308_094755.jpg\" imageanchor=\"1\" style=\"margin-left: 1em; margin-right: 1em;\"><img loading=\"lazy\" decoding=\"async\" border=\"0\" height=\"225\" src=\"http:\/\/blogdoedvaldomagalhaes.com.br\/wp-content\/uploads\/2017\/03\/20170308_094755.jpg\" width=\"400\" \/><\/a><\/div>\n<p><\/p>\n<div class=\"separator\" style=\"clear: both; text-align: center;\">\n<a href=\"https:\/\/1.bp.blogspot.com\/-aopHD5tIXBM\/WMAUj9BNjsI\/AAAAAAAARG0\/KsMCnKL88RgNSC8tFWbWuw2hn5CsOVj2QCLcB\/s1600\/20170308_094739.jpg\" imageanchor=\"1\" style=\"margin-left: 1em; margin-right: 1em;\"><img loading=\"lazy\" decoding=\"async\" border=\"0\" height=\"225\" src=\"http:\/\/blogdoedvaldomagalhaes.com.br\/wp-content\/uploads\/2017\/03\/20170308_094739.jpg\" width=\"400\" \/><\/a><\/div>\n<div class=\"separator\" style=\"clear: both; text-align: center;\">\n<\/div>\n<div class=\"separator\" style=\"clear: both; text-align: center;\">\n<a href=\"https:\/\/3.bp.blogspot.com\/-C-gxqJ_1Dhg\/WMAU6lsD1sI\/AAAAAAAARG4\/-f-cz8o6p5oLj02gT4CbpXaz5_ZDkXPkwCLcB\/s1600\/20170308_100616.jpg\" imageanchor=\"1\" style=\"margin-left: 1em; margin-right: 1em;\"><img loading=\"lazy\" decoding=\"async\" border=\"0\" height=\"225\" src=\"http:\/\/blogdoedvaldomagalhaes.com.br\/wp-content\/uploads\/2017\/03\/20170308_100616.jpg\" width=\"400\" \/><\/a><\/div>\n<p><\/p>\n<div class=\"separator\" style=\"clear: both; text-align: center;\">\n<a href=\"https:\/\/2.bp.blogspot.com\/-40x1UZE4kWI\/WMAU-RZovwI\/AAAAAAAARG8\/yZAkC3pwNB0lzeRgonyh7zde9Oxwn_8oACLcB\/s1600\/IMG-20170308-WA0048.jpg\" imageanchor=\"1\" style=\"margin-left: 1em; margin-right: 1em;\"><img loading=\"lazy\" decoding=\"async\" border=\"0\" height=\"225\" src=\"http:\/\/blogdoedvaldomagalhaes.com.br\/wp-content\/uploads\/2017\/03\/IMG-20170308-WA0048.jpg\" width=\"400\" \/><\/a><\/div>\n<div class=\"separator\" style=\"clear: both; text-align: center;\">\n<\/div>\n<div class=\"separator\" style=\"clear: both; text-align: justify;\">\nO Sindicato dos Trabalhadores Rurais de Caruaru realizou uma passeata em forma de protesto contra a reforma da Previd\u00eancia Social, na manh\u00e3 desta quarta-feira &nbsp;(08) em Caruaru. &nbsp;Os trabalhadores e as trabalhadoras rurais sa\u00edram do sindicato, no bairro Divin\u00f3polis, e foram at\u00e9 a C\u00e2mara de Vereadores, onde foram recebidos pelo presidente Lula T\u00f4rres &nbsp;(PDT), depois foram at\u00e9 a Prefeitura de Caruaru, em seguida se dirigiram ao pr\u00e9dio do INSS, na avenida Rui Barbosa. &nbsp;<\/div>\n<div class=\"separator\" style=\"clear: both; text-align: center;\">\n<a href=\"http:\/\/blogdoedvaldomagalhaes.com.br\/wp-content\/uploads\/2017\/03\/sismuc-2.jpg\" imageanchor=\"1\" style=\"clear: left; float: left; margin-bottom: 1em; margin-right: 1em;\"><img decoding=\"async\" border=\"0\" src=\"http:\/\/blogdoedvaldomagalhaes.com.br\/wp-content\/uploads\/2017\/03\/sismuc-2.jpg\" \/><\/a><\/div>\n<div style=\"text-align: justify;\">\n<\/div>\n","protected":false},"excerpt":{"rendered":"<p>O Sindicato dos Trabalhadores Rurais de Caruaru realizou uma passeata em forma de protesto contra a reforma da Previd\u00eancia Social,&hellip;<\/p>\n","protected":false},"author":1,"featured_media":0,"comment_status":"open","ping_status":"open","sticky":false,"template":"","format":"standard","meta":{"footnotes":""},"categories":[1],"tags":[992,4476,8824,1686,6,8931,3634,141],"class_list":["post-6585","post","type-post","status-publish","format-standard","hentry","category-sem-categoria","tag-blog-do-edvaldo-do-magalhaes","tag-camara-de-vereadores-de-caruaru","tag-inss","tag-lula-torres","tag-noticias","tag-passeata-do-sindicato-dos-trabalhadores-rurais-de-caruaru","tag-pdt","tag-prefeitura-de-caruaru"],"_links":{"self":[{"href":"https:\/\/blogdoedvaldomagalhaes.com.br\/index.php\/wp-json\/wp\/v2\/posts\/6585","targetHints":{"allow":["GET"]}}],"collection":[{"href":"https:\/\/blogdoedvaldomagalhaes.com.br\/index.php\/wp-json\/wp\/v2\/posts"}],"about":[{"href":"https:\/\/blogdoedvaldomagalhaes.com.br\/index.php\/wp-json\/wp\/v2\/types\/post"}],"author":[{"embeddable":true,"href":"https:\/\/blogdoedvaldomagalhaes.com.br\/index.php\/wp-json\/wp\/v2\/users\/1"}],"replies":[{"embeddable":true,"href":"https:\/\/blogdoedvaldomagalhaes.com.br\/index.php\/wp-json\/wp\/v2\/comments?post=6585"}],"version-history":[{"count":1,"href":"https:\/\/blogdoedvaldomagalhaes.com.br\/index.php\/wp-json\/wp\/v2\/posts\/6585\/revisions"}],"predecessor-version":[{"id":17554,"href":"https:\/\/blogdoedvaldomagalhaes.com.br\/index.php\/wp-json\/wp\/v2\/posts\/6585\/revisions\/17554"}],"wp:attachment":[{"href":"https:\/\/blogdoedvaldomagalhaes.com.br\/index.php\/wp-json\/wp\/v2\/media?parent=6585"}],"wp:term":[{"taxonomy":"category","embeddable":true,"href":"https:\/\/blogdoedvaldomagalhaes.com.br\/index.php\/wp-json\/wp\/v2\/categories?post=6585"},{"taxonomy":"post_tag","embeddable":true,"href":"https:\/\/blogdoedvaldomagalhaes.com.br\/index.php\/wp-json\/wp\/v2\/tags?post=6585"}],"curies":[{"name":"wp","href":"https:\/\/api.w.org\/{rel}","templated":true}]}}