{"id":65845,"date":"2021-01-14T14:47:12","date_gmt":"2021-01-14T17:47:12","guid":{"rendered":"https:\/\/blogdoedvaldomagalhaes.com.br\/?p=65845"},"modified":"2021-01-14T14:47:13","modified_gmt":"2021-01-14T17:47:13","slug":"aviao-vai-buscar-dois-milhoes-de-doses-de-vacina-na-india-nesta-quinta-feira-14","status":"publish","type":"post","link":"https:\/\/blogdoedvaldomagalhaes.com.br\/index.php\/2021\/01\/14\/aviao-vai-buscar-dois-milhoes-de-doses-de-vacina-na-india-nesta-quinta-feira-14\/","title":{"rendered":"Avi\u00e3o vai buscar dois milh\u00f5es de doses de vacina na \u00cdndia nesta quinta-feira (14)"},"content":{"rendered":"<div class=\"mc-column content-text active-extra-styles \" data-block-type=\"unstyled\" data-block-weight=\"49\" data-block-id=\"2\">\n<p class=\"content-text__container \" style=\"text-align: justify;\" data-track-category=\"Link no Texto\" data-track-links=\"\">O ministro da Sa\u00fade,\u00a0Eduardo Pazuello, disse que o avi\u00e3o para buscar as duas milh\u00f5es de doses da vacina contra a Covid-19 do laborat\u00f3rio Serum decola nesta quinta-feira (14) para a \u00cdndia . O imunizante \u00e9 desenvolvido pela AstraZeneca, em parceria com a Universidade de Oxford.<\/p>\n<\/div>\n<div class=\"wall protected-content\">\n<div class=\"mc-column content-text active-extra-styles \" style=\"text-align: justify;\" data-block-type=\"unstyled\" data-block-weight=\"28\" data-block-id=\"3\">\n<p class=\"content-text__container \" data-track-category=\"Link no Texto\" data-track-links=\"\">No dia 2 de janeiro, a Ag\u00eancia Nacional de Vigil\u00e2ncia Sanit\u00e1ria (Anvisa) aprovou um pedido feito pela\u00a0Fiocruz\u00a0para importa\u00e7\u00e3o das duas milh\u00f5es de doses da vacina.<\/p>\n<\/div>\n<p style=\"text-align: justify;\" data-track-category=\"Link no Texto\" data-track-links=\"\">A a\u00e9rea Azul, que vai fazer o transporte das doses, informou ap\u00f3s a declara\u00e7\u00e3o do ministro que o voo est\u00e1 programado para partir de Recife (PE) na quinta-feira (14), \u00e0s 23h, com destino a Mumbai.<\/p>\n<p style=\"text-align: justify;\" data-track-category=\"Link no Texto\" data-track-links=\"\">A carga \u00e9 estimada em 15 toneladas. Ser\u00e3o 15 horas de voo, com desembarque previsto no aeroporto do Gale\u00e3o, no Rio de Janeiro, por volta das 15h. A aeronave est\u00e1 na manh\u00e3 de quinta-feira em Campinas, de onde decola \u00e0s 13h para o Recife.<\/p>\n<\/div>\n","protected":false},"excerpt":{"rendered":"<p>O ministro da Sa\u00fade,\u00a0Eduardo Pazuello, disse que o avi\u00e3o para buscar as duas milh\u00f5es de doses da vacina contra a&hellip;<\/p>\n","protected":false},"author":1,"featured_media":65846,"comment_status":"open","ping_status":"open","sticky":false,"template":"","format":"standard","meta":{"footnotes":""},"categories":[14120],"tags":[20613,2,19532,17559,6,19670],"class_list":["post-65845","post","type-post","status-publish","format-standard","has-post-thumbnail","hentry","category-noticias","tag-aviao-vai-buscar-dois-milhoes-de-doses-de-vacina-na-india-nesta-quinta-feira-14","tag-blog-do-edvaldo-magalhaes","tag-blog-mais-acessado-e-visualizado-de-caruaru-e-regiao","tag-covid-19","tag-noticias","tag-novo-coronavirus"],"_links":{"self":[{"href":"https:\/\/blogdoedvaldomagalhaes.com.br\/index.php\/wp-json\/wp\/v2\/posts\/65845","targetHints":{"allow":["GET"]}}],"collection":[{"href":"https:\/\/blogdoedvaldomagalhaes.com.br\/index.php\/wp-json\/wp\/v2\/posts"}],"about":[{"href":"https:\/\/blogdoedvaldomagalhaes.com.br\/index.php\/wp-json\/wp\/v2\/types\/post"}],"author":[{"embeddable":true,"href":"https:\/\/blogdoedvaldomagalhaes.com.br\/index.php\/wp-json\/wp\/v2\/users\/1"}],"replies":[{"embeddable":true,"href":"https:\/\/blogdoedvaldomagalhaes.com.br\/index.php\/wp-json\/wp\/v2\/comments?post=65845"}],"version-history":[{"count":1,"href":"https:\/\/blogdoedvaldomagalhaes.com.br\/index.php\/wp-json\/wp\/v2\/posts\/65845\/revisions"}],"predecessor-version":[{"id":65847,"href":"https:\/\/blogdoedvaldomagalhaes.com.br\/index.php\/wp-json\/wp\/v2\/posts\/65845\/revisions\/65847"}],"wp:featuredmedia":[{"embeddable":true,"href":"https:\/\/blogdoedvaldomagalhaes.com.br\/index.php\/wp-json\/wp\/v2\/media\/65846"}],"wp:attachment":[{"href":"https:\/\/blogdoedvaldomagalhaes.com.br\/index.php\/wp-json\/wp\/v2\/media?parent=65845"}],"wp:term":[{"taxonomy":"category","embeddable":true,"href":"https:\/\/blogdoedvaldomagalhaes.com.br\/index.php\/wp-json\/wp\/v2\/categories?post=65845"},{"taxonomy":"post_tag","embeddable":true,"href":"https:\/\/blogdoedvaldomagalhaes.com.br\/index.php\/wp-json\/wp\/v2\/tags?post=65845"}],"curies":[{"name":"wp","href":"https:\/\/api.w.org\/{rel}","templated":true}]}}