{"id":65841,"date":"2021-01-14T14:17:24","date_gmt":"2021-01-14T17:17:24","guid":{"rendered":"https:\/\/blogdoedvaldomagalhaes.com.br\/?p=65841"},"modified":"2021-01-14T14:17:25","modified_gmt":"2021-01-14T17:17:25","slug":"plano-de-vacinacao-contra-a-covid-em-pernambuco-e-aprovado-por-comite-tecnico","status":"publish","type":"post","link":"https:\/\/blogdoedvaldomagalhaes.com.br\/index.php\/2021\/01\/14\/plano-de-vacinacao-contra-a-covid-em-pernambuco-e-aprovado-por-comite-tecnico\/","title":{"rendered":"Plano de Vacina\u00e7\u00e3o contra a Covid em Pernambuco \u00e9 aprovado por Comit\u00ea T\u00e9cnico"},"content":{"rendered":"<p style=\"text-align: justify;\"><span style=\"font-family: verdana, sans-serif;\">O secret\u00e1rio estadual de Sa\u00fade, Andr\u00e9 Longo, comandou, na manh\u00e3 desta quinta-feira (14\/01), a reuni\u00e3o extraordin\u00e1ria do Comit\u00ea t\u00e9cnico estadual para acompanhamento da vacina\u00e7\u00e3o contra a Covid-19, com o intuito de deliberar as sugest\u00f5es para finalizar o plano de operacionaliza\u00e7\u00e3o das atividades em Pernambuco. A partir dos acordos e aprova\u00e7\u00e3o do Comit\u00ea, o plano seguir\u00e1 para pactua\u00e7\u00e3o final, na pr\u00f3xima segunda-feira (18\/01), na Comiss\u00e3o Intergestores Bipartite (CIB), \u00f3rg\u00e3o que re\u00fane as representa\u00e7\u00f5es das secretarias municipais para pactua\u00e7\u00f5es junto ao Estado.<\/p>\n<p>&#8220;N\u00f3s fizemos uma discuss\u00e3o sobre as sugest\u00f5es de aprimoramento do nosso plano operacional de vacina\u00e7\u00e3o aqui em Pernambuco, alinhamos e pactuamos uma s\u00e9rie de decis\u00f5es e, hoje, a gente pode dizer que n\u00f3s temos o plano operativo pronto, que ser\u00e1 submetido \u00e0 Comiss\u00e3o Intergestores Bipartite para que a gente possa, efetivamente, a partir da chegada das vacinas, distribuir aos munic\u00edpios para vacina\u00e7\u00e3o do primeiro grupo priorit\u00e1rio&#8221;, afirma o secret\u00e1rio estadual de Sa\u00fade, Andr\u00e9 Longo. O secret\u00e1rio destaca que o plano busca nortear as a\u00e7\u00f5es e garantir a seguran\u00e7a das atividades e o acesso a todos aqueles contemplados nos grupos priorit\u00e1rios em todos munic\u00edpios do Estado.<\/p>\n<p>Entre os pontos acordados pelo Comit\u00ea, est\u00e1 a poss\u00edvel prioriza\u00e7\u00e3o da vacina, em um primeiro momento, para os idosos a partir \u00a0dos 80 anos e aqueles a partir dos 60 que estejam em institui\u00e7\u00f5es de longa perman\u00eancia, profissionais de sa\u00fade que atuam em UTI em unidade de refer\u00eancia para a Covid-19 e popula\u00e7\u00f5es ind\u00edgenas aldeadas. A prioriza\u00e7\u00e3o de parte do grupo contemplado na primeira fase est\u00e1 sendo acordada prevendo-se que o Minist\u00e9rio da Sa\u00fade (MS) n\u00e3o encaminhar\u00e1 na primeira remessa todas as doses para a primeira fase, com 627 mil pernambucanos beneficiados. Importante lembrar que, na primeira fase, ainda ser\u00e3o contemplados idosos entre 75 e 79 anos e os mais diversos trabalhadores da sa\u00fade. Ratifica-se, ainda, que o Comit\u00ea far\u00e1 reuni\u00f5es peri\u00f3dicas e ir\u00e1 deliberar as quest\u00f5es necess\u00e1rias ao longo da campanha, visto o processo din\u00e2mico que envolve a vacina\u00e7\u00e3o contra a Covid-19 no pa\u00eds e em todo mundo.<\/p>\n<p>&#8220;Estamos aguardando o pronunciamento do Minist\u00e9rio da Sa\u00fade quanto ao quantitativo de doses a serem encaminhadas para o Estado para a vacina\u00e7\u00e3o deste primeiro grupo priorit\u00e1rio. Refor\u00e7amos que, caso recebamos um quantitativo inferior ao grupo priorit\u00e1rio, estaremos estabelecendo novas prioridades at\u00e9 que o Minist\u00e9rio da Sa\u00fade consiga entregar todo o quantitativo de doses necess\u00e1rias&#8221;, afirma a superintendente de Imuniza\u00e7\u00f5es da SES-PE, Ana Catarina de Melo. A gestora ainda lembra que j\u00e1 foram encaminhadas, na \u00faltima ter\u00e7a-feira (12\/01), 1,5 milh\u00e3o de seringas para todos os munic\u00edpios pernambucanos iniciarem a campanha e que h\u00e1 mais 2,5 milh\u00f5es em estoque, al\u00e9m da previs\u00e3o de receber ainda em janeiro outras 2,8 milh\u00f5es e da aquisi\u00e7\u00e3o de mais 7,5 milh\u00f5es, totalizando 14,2 milh\u00f5es de unidades.<\/p>\n<p>A superintendente de Imuniza\u00e7\u00f5es ressaltou tamb\u00e9m a import\u00e2ncia da popula\u00e7\u00e3o respeitar a ordem de prioridade e a ades\u00e3o daqueles que s\u00e3o mais vulner\u00e1veis ao novo coronav\u00edrus. &#8220;\u00c9 muito importante que, de fato, os primeiros grupos que ser\u00e3o contemplados realizem a vacina\u00e7\u00e3o. Essa \u00e9 uma medida de controle que n\u00f3s temos para come\u00e7ar a mudar nossa realidade e tentar voltar \u00e0 vida normal, mas refor\u00e7ando que, nesse primeiro momento, n\u00f3s vamos estar vacinando, mas as pessoas precisam manter a utiliza\u00e7\u00e3o de m\u00e1scara e o distanciamento social, at\u00e9 porque n\u00f3s vamos fazer duas doses da vacina&#8221;, completa.<\/p>\n<p>Ao todo, a campanha de vacina\u00e7\u00e3o contra a Covid-19 beneficiar\u00e1 mais de 2,9 milh\u00f5es de pernambucanos, contemplados em quatro fases distintas. Al\u00e9m das discuss\u00f5es desta quinta, o plano operacional destaca a import\u00e2ncia dos gestores municipais pensarem em a\u00e7\u00f5es itinerantes, para chegar a determinados p\u00fablicos e tamb\u00e9m em centros de vacina\u00e7\u00e3o para a Covid-19, centralizando as a\u00e7\u00f5es e mantendo as atividades de rotina nas demais unidades. O plano tamb\u00e9m destaca o papel da comunica\u00e7\u00e3o e a import\u00e2ncia da integra\u00e7\u00e3o com os \u00f3rg\u00e3os de seguran\u00e7a.<\/span><\/p>\n","protected":false},"excerpt":{"rendered":"<p>O secret\u00e1rio estadual de Sa\u00fade, Andr\u00e9 Longo, comandou, na manh\u00e3 desta quinta-feira (14\/01), a reuni\u00e3o extraordin\u00e1ria do Comit\u00ea t\u00e9cnico estadual&hellip;<\/p>\n","protected":false},"author":1,"featured_media":65843,"comment_status":"open","ping_status":"open","sticky":false,"template":"","format":"standard","meta":{"footnotes":""},"categories":[14120],"tags":[19524,2,19532,3140,19670,20612],"class_list":["post-65841","post","type-post","status-publish","format-standard","has-post-thumbnail","hentry","category-noticias","tag-andre-longo","tag-blog-do-edvaldo-magalhaes","tag-blog-mais-acessado-e-visualizado-de-caruaru-e-regiao","tag-noticias-de-pernambuco","tag-novo-coronavirus","tag-plano-de-vacinacao-contra-a-covid-em-pernambuco-e-aprovado-por-comite-tecnico"],"_links":{"self":[{"href":"https:\/\/blogdoedvaldomagalhaes.com.br\/index.php\/wp-json\/wp\/v2\/posts\/65841","targetHints":{"allow":["GET"]}}],"collection":[{"href":"https:\/\/blogdoedvaldomagalhaes.com.br\/index.php\/wp-json\/wp\/v2\/posts"}],"about":[{"href":"https:\/\/blogdoedvaldomagalhaes.com.br\/index.php\/wp-json\/wp\/v2\/types\/post"}],"author":[{"embeddable":true,"href":"https:\/\/blogdoedvaldomagalhaes.com.br\/index.php\/wp-json\/wp\/v2\/users\/1"}],"replies":[{"embeddable":true,"href":"https:\/\/blogdoedvaldomagalhaes.com.br\/index.php\/wp-json\/wp\/v2\/comments?post=65841"}],"version-history":[{"count":1,"href":"https:\/\/blogdoedvaldomagalhaes.com.br\/index.php\/wp-json\/wp\/v2\/posts\/65841\/revisions"}],"predecessor-version":[{"id":65844,"href":"https:\/\/blogdoedvaldomagalhaes.com.br\/index.php\/wp-json\/wp\/v2\/posts\/65841\/revisions\/65844"}],"wp:featuredmedia":[{"embeddable":true,"href":"https:\/\/blogdoedvaldomagalhaes.com.br\/index.php\/wp-json\/wp\/v2\/media\/65843"}],"wp:attachment":[{"href":"https:\/\/blogdoedvaldomagalhaes.com.br\/index.php\/wp-json\/wp\/v2\/media?parent=65841"}],"wp:term":[{"taxonomy":"category","embeddable":true,"href":"https:\/\/blogdoedvaldomagalhaes.com.br\/index.php\/wp-json\/wp\/v2\/categories?post=65841"},{"taxonomy":"post_tag","embeddable":true,"href":"https:\/\/blogdoedvaldomagalhaes.com.br\/index.php\/wp-json\/wp\/v2\/tags?post=65841"}],"curies":[{"name":"wp","href":"https:\/\/api.w.org\/{rel}","templated":true}]}}