{"id":6584,"date":"2017-03-08T16:21:00","date_gmt":"2017-03-08T19:21:00","guid":{"rendered":"http:\/\/blogdoedvaldomagalhaes.com.br\/index.php\/2017\/03\/08\/proprietario-de-academia-e-assassinado\/"},"modified":"2019-02-09T01:19:26","modified_gmt":"2019-02-09T03:19:26","slug":"proprietario-de-academia-e-assassinado","status":"publish","type":"post","link":"https:\/\/blogdoedvaldomagalhaes.com.br\/index.php\/2017\/03\/08\/proprietario-de-academia-e-assassinado\/","title":{"rendered":"Propriet\u00e1rio de Academia \u00e9 assassinado em Caruaru"},"content":{"rendered":"<div class=\"separator\" style=\"clear: both; text-align: center;\">\n<a href=\"https:\/\/4.bp.blogspot.com\/-XCsWTYLaG_Q\/WMAve6zuWOI\/AAAAAAAARH0\/s2OttK9K6IIFahryaTs7y55wtHFa-ud7gCLcB\/s1600\/crime%2B1.jpg\" imageanchor=\"1\" style=\"margin-left: 1em; margin-right: 1em;\"><img loading=\"lazy\" decoding=\"async\" border=\"0\" height=\"225\" src=\"http:\/\/blogdoedvaldomagalhaes.com.br\/wp-content\/uploads\/2017\/03\/crime1-1.jpg\" width=\"400\" \/><\/a><\/div>\n<p><\/p>\n<div class=\"separator\" style=\"clear: both; text-align: center;\">\n<a href=\"https:\/\/3.bp.blogspot.com\/-DaHiGCbaJtw\/WMAvf-vFzXI\/AAAAAAAARH4\/kVtQV2Ir-wgk1N7GYHPtHoZ5qM2QhbwHwCLcB\/s1600\/crime%2B2.jpg\" imageanchor=\"1\" style=\"margin-left: 1em; margin-right: 1em;\"><img loading=\"lazy\" decoding=\"async\" border=\"0\" height=\"225\" src=\"http:\/\/blogdoedvaldomagalhaes.com.br\/wp-content\/uploads\/2017\/03\/crime2-1.jpg\" width=\"400\" \/><\/a><\/div>\n<div class=\"separator\" style=\"clear: both; text-align: center;\">\n<\/div>\n<div class=\"separator\" style=\"clear: both; text-align: justify;\">\nNo in\u00edcio da tarde desta quarta-feira (08), foi assassinado com disparos de arma de fogo na rua Rodrigues de Abreu, no bairro Maur\u00edcio de Nassau, por tr\u00e1s do Hospital Municipal Casa de Sa\u00fade Bom Jesus, o propriet\u00e1rio da Academia AKFAPE, Josael Torres, de 48 anos de idade, que morava na rua Jo\u00e3o de Souza,&nbsp;no bairro Petr\u00f3polis, em Caruaru. Ele foi assassinado pr\u00f3ximo a academia, ao lado da moto XRE 300 cor vermelha que n\u00e3o foi levada e&nbsp;era mestre em artes marciais.&nbsp;<\/div>\n<div class=\"separator\" style=\"clear: both; text-align: justify;\">\n<\/div>\n<div class=\"separator\" style=\"clear: both; text-align: justify;\">\nDe acordo com a Pol\u00edcia Militar, o acusado estava em uma moto e ainda com o capacete na cabe\u00e7a se aproximou da v\u00edtima e efetuou os disparos, caracterizando execu\u00e7\u00e3o, at\u00e9 o presente momento n\u00e3o se sabe a autoria do homic\u00eddio, nem t\u00e3o pouco o motivo pelo qual foi cometido o assassinato.<\/div>\n<div class=\"separator\" style=\"clear: both; text-align: justify;\">\n<\/div>\n<div class=\"separator\" style=\"clear: both; text-align: center;\">\n<a href=\"https:\/\/1.bp.blogspot.com\/-IcqACfchHFU\/WMAw7paXxAI\/AAAAAAAARII\/oYMcFLILqsIdAj0tJa8FwS0AyRjmExE3wCLcB\/s1600\/josael.jpg\" imageanchor=\"1\" style=\"margin-left: 1em; margin-right: 1em;\"><img loading=\"lazy\" decoding=\"async\" border=\"0\" height=\"356\" src=\"http:\/\/blogdoedvaldomagalhaes.com.br\/wp-content\/uploads\/2017\/03\/josael.jpg\" width=\"400\" \/><\/a><\/div>\n<div class=\"separator\" style=\"clear: both; text-align: justify;\">\n<\/div>\n<div class=\"separator\" style=\"clear: both; text-align: justify;\">\nEste foi o 11\u00ba homic\u00eddio neste m\u00eas de mar\u00e7o e o 53\u00ba homic\u00eddio do ano em Caruaru.<\/div>\n<div class=\"separator\" style=\"clear: both; text-align: justify;\">\n<\/div>\n<div class=\"separator\" style=\"clear: both; text-align: center;\">\n<a href=\"http:\/\/blogdoedvaldomagalhaes.com.br\/wp-content\/uploads\/2017\/03\/otica.jpg\" imageanchor=\"1\" style=\"clear: left; float: left; margin-bottom: 1em; margin-right: 1em;\"><img decoding=\"async\" border=\"0\" src=\"http:\/\/blogdoedvaldomagalhaes.com.br\/wp-content\/uploads\/2017\/03\/otica.jpg\" \/><\/a><\/div>\n<div style=\"text-align: justify;\">\n<\/div>\n","protected":false},"excerpt":{"rendered":"<p>No in\u00edcio da tarde desta quarta-feira (08), foi assassinado com disparos de arma de fogo na rua Rodrigues de Abreu,&hellip;<\/p>\n","protected":false},"author":1,"featured_media":0,"comment_status":"open","ping_status":"open","sticky":false,"template":"","format":"standard","meta":{"footnotes":""},"categories":[1],"tags":[1413,1326,992,13,8930],"class_list":["post-6584","post","type-post","status-publish","format-standard","hentry","category-sem-categoria","tag-bairro-mauricio-de-nassau","tag-bairro-petropolis","tag-blog-do-edvaldo-do-magalhaes","tag-policial","tag-proprietario-de-academia-e-assassinado-em-caruaru"],"_links":{"self":[{"href":"https:\/\/blogdoedvaldomagalhaes.com.br\/index.php\/wp-json\/wp\/v2\/posts\/6584","targetHints":{"allow":["GET"]}}],"collection":[{"href":"https:\/\/blogdoedvaldomagalhaes.com.br\/index.php\/wp-json\/wp\/v2\/posts"}],"about":[{"href":"https:\/\/blogdoedvaldomagalhaes.com.br\/index.php\/wp-json\/wp\/v2\/types\/post"}],"author":[{"embeddable":true,"href":"https:\/\/blogdoedvaldomagalhaes.com.br\/index.php\/wp-json\/wp\/v2\/users\/1"}],"replies":[{"embeddable":true,"href":"https:\/\/blogdoedvaldomagalhaes.com.br\/index.php\/wp-json\/wp\/v2\/comments?post=6584"}],"version-history":[{"count":1,"href":"https:\/\/blogdoedvaldomagalhaes.com.br\/index.php\/wp-json\/wp\/v2\/posts\/6584\/revisions"}],"predecessor-version":[{"id":17559,"href":"https:\/\/blogdoedvaldomagalhaes.com.br\/index.php\/wp-json\/wp\/v2\/posts\/6584\/revisions\/17559"}],"wp:attachment":[{"href":"https:\/\/blogdoedvaldomagalhaes.com.br\/index.php\/wp-json\/wp\/v2\/media?parent=6584"}],"wp:term":[{"taxonomy":"category","embeddable":true,"href":"https:\/\/blogdoedvaldomagalhaes.com.br\/index.php\/wp-json\/wp\/v2\/categories?post=6584"},{"taxonomy":"post_tag","embeddable":true,"href":"https:\/\/blogdoedvaldomagalhaes.com.br\/index.php\/wp-json\/wp\/v2\/tags?post=6584"}],"curies":[{"name":"wp","href":"https:\/\/api.w.org\/{rel}","templated":true}]}}