{"id":65838,"date":"2021-01-14T12:51:28","date_gmt":"2021-01-14T15:51:28","guid":{"rendered":"https:\/\/blogdoedvaldomagalhaes.com.br\/?p=65838"},"modified":"2021-01-14T20:02:10","modified_gmt":"2021-01-14T23:02:10","slug":"pernambuco-registra-1-412-novos-casos-de-covid-19-e-27-mortes","status":"publish","type":"post","link":"https:\/\/blogdoedvaldomagalhaes.com.br\/index.php\/2021\/01\/14\/pernambuco-registra-1-412-novos-casos-de-covid-19-e-27-mortes\/","title":{"rendered":"Pernambuco registra 1.412 novos casos de covid-19 e 27 mortes"},"content":{"rendered":"<div style=\"text-align: justify;\"><span style=\"font-family: verdana, sans-serif;\">Nesta quinta-feira (14\/01), Pernambuco chegou a marca de mais de 1 milh\u00e3o de exames realizados para a detec\u00e7\u00e3o da Covid-19. Dos 1.000.188 testes, 496.864 foram de biologia molecular (RT-PCR), considerado pelos especialistas como padr\u00e3o ouro, por detectar a atividade viral em sua fase aguda, ou seja, quando h\u00e1 maior capacidade de transmissibilidade. Os demais foram do tipo teste r\u00e1pido e sorologias.<\/p>\n<p>Dos exames de RT-PCR, 377.860 (76%) foram processados no Sistema \u00danico de Sa\u00fade, entre o Laborat\u00f3rio Central de Sa\u00fade P\u00fablica de Pernambuco (Lacen-PE) e as unidades parceiras ou conveniadas \u00e0 rede p\u00fablica estadual. Apenas no Lacen foram 278.963, representando 56% do total. Os demais foram na rede privada.\u00a0<\/span><\/div>\n<div style=\"text-align: justify;\"><span style=\"font-family: verdana, sans-serif;\"><br \/>\n&#8220;Por determina\u00e7\u00e3o do governador Paulo C\u00e2mara, trabalhamos, desde o in\u00edcio da pandemia do novo coronav\u00edrus, para ampliar a oferta de exames do tipo RT-PCR. Sa\u00edmos de uma capacidade de processamento semanal de 770 testes no Lacen para 21 mil. Isso foi poss\u00edvel ap\u00f3s a aquisi\u00e7\u00e3o e inaugura\u00e7\u00e3o de novo maquin\u00e1rio, que modernizou e automatizou o parque tecnol\u00f3gico do Laborat\u00f3rio. Al\u00e9m disso, fizemos melhorias na estrutura f\u00edsica e garantimos o refor\u00e7o nos recursos humanos para absorver essa demanda crescente. Todas essas a\u00e7\u00f5es permitiram a garantia do exame para todas as pessoas com sintomas sugestivos da Covid-19, independente de casos leves ou graves, al\u00e9m dos contatos de casos confirmados. Isso vem sendo essencial para o monitoramento da doen\u00e7a em Pernambuco e para auxiliar na tomada de decis\u00f5es&#8221;, afirma o secret\u00e1rio estadual de Sa\u00fade, Andr\u00e9 Longo.<\/p>\n<p>No boletim epidemiol\u00f3gico desta quinta, a Secretaria Estadual \u00a0de Sa\u00fade (SES-PE) registrou 1.412 casos da Covid-19, sendo 84 (6%) casos de S\u00edndrome Respirat\u00f3ria Aguda Grave (SRAG) e 1.328 (94 %) casos leves. Agora, Pernambuco totaliza 237.453 casos confirmados da doen\u00e7a, sendo 30.101 graves e 207.352 leves, que est\u00e3o distribu\u00eddos por todos os 184 munic\u00edpios pernambucanos, al\u00e9m do arquip\u00e9lago de Fernando de Noronha.<\/p>\n<p>Al\u00e9m disso, o boletim registra um total de 201.230 pacientes recuperados da doen\u00e7a. Destes, 18.708 eram pacientes graves, que necessitaram de internamento hospitalar, e 183.187 eram casos leves.<\/p>\n<p>Tamb\u00e9m foram confirmados laboratorialmente 27 novos \u00f3bitos (15 masculinos e 12 femininos), registrados entre os dias 28\/11\/2020 e 13\/01\/2021. As novas mortes s\u00e3o de pessoas residentes dos munic\u00edpios de Abreu e Lima (1), Araripina (1), Arcoverde (1), Buenos Aires (1), Cabo de Santo Agostinho (1), Caruaru (1), Escada (2), Palmeirina (1), Paulista (1), Petrol\u00e2ndia (1), Recife (13), Salgueiro (1), Santa Cruz (1) e Serra Talhada (1). Com isso, o Estado totaliza 9.946 mortes pela doen\u00e7a.<\/p>\n<p>Os pacientes tinham idades entre 46 e 86 anos. As faixas et\u00e1rias s\u00e3o: 40 a 49 (3), 50 a 59 (4), 60 a 69 (4), 70 a 79 (10) e 80 ou mais (6). Do total, 22 tinham doen\u00e7as pr\u00e9-existentes: diabetes (10), doen\u00e7a cardiovascular (10), hipertens\u00e3o (6), tabagismo (4), doen\u00e7a hep\u00e1tica (2), imunossupress\u00e3o (2) e etilismo (2) &#8211; um paciente pode ter mais de uma comorbidade. Os demais est\u00e3o em investiga\u00e7\u00e3o.<\/p>\n<p>Com rela\u00e7\u00e3o \u00e0 testagem dos profissionais de sa\u00fade com sintomas de gripe, em Pernambuco, at\u00e9 agora, 24.794 casos foram confirmados e 44.404 descartados. As testagens entre os trabalhadores do setor abrangem os profissionais de todas as unidades de sa\u00fade, sejam da rede p\u00fablica (estadual e municipal) ou privada. O Governo de Pernambuco foi o primeiro do pa\u00eds a criar um protocolo para testar e afastar os profissionais da \u00e1rea da sa\u00fade com sintomas gripais.<\/span><\/div>\n","protected":false},"excerpt":{"rendered":"<p>Nesta quinta-feira (14\/01), Pernambuco chegou a marca de mais de 1 milh\u00e3o de exames realizados para a detec\u00e7\u00e3o da Covid-19.&hellip;<\/p>\n","protected":false},"author":1,"featured_media":65839,"comment_status":"open","ping_status":"open","sticky":false,"template":"","format":"standard","meta":{"footnotes":""},"categories":[14120],"tags":[2,19532,3140,19670,20611],"class_list":["post-65838","post","type-post","status-publish","format-standard","has-post-thumbnail","hentry","category-noticias","tag-blog-do-edvaldo-magalhaes","tag-blog-mais-acessado-e-visualizado-de-caruaru-e-regiao","tag-noticias-de-pernambuco","tag-novo-coronavirus","tag-pernambuco-registra-1-412-novos-casos-de-covid-19-e-27-mortes"],"_links":{"self":[{"href":"https:\/\/blogdoedvaldomagalhaes.com.br\/index.php\/wp-json\/wp\/v2\/posts\/65838","targetHints":{"allow":["GET"]}}],"collection":[{"href":"https:\/\/blogdoedvaldomagalhaes.com.br\/index.php\/wp-json\/wp\/v2\/posts"}],"about":[{"href":"https:\/\/blogdoedvaldomagalhaes.com.br\/index.php\/wp-json\/wp\/v2\/types\/post"}],"author":[{"embeddable":true,"href":"https:\/\/blogdoedvaldomagalhaes.com.br\/index.php\/wp-json\/wp\/v2\/users\/1"}],"replies":[{"embeddable":true,"href":"https:\/\/blogdoedvaldomagalhaes.com.br\/index.php\/wp-json\/wp\/v2\/comments?post=65838"}],"version-history":[{"count":2,"href":"https:\/\/blogdoedvaldomagalhaes.com.br\/index.php\/wp-json\/wp\/v2\/posts\/65838\/revisions"}],"predecessor-version":[{"id":65856,"href":"https:\/\/blogdoedvaldomagalhaes.com.br\/index.php\/wp-json\/wp\/v2\/posts\/65838\/revisions\/65856"}],"wp:featuredmedia":[{"embeddable":true,"href":"https:\/\/blogdoedvaldomagalhaes.com.br\/index.php\/wp-json\/wp\/v2\/media\/65839"}],"wp:attachment":[{"href":"https:\/\/blogdoedvaldomagalhaes.com.br\/index.php\/wp-json\/wp\/v2\/media?parent=65838"}],"wp:term":[{"taxonomy":"category","embeddable":true,"href":"https:\/\/blogdoedvaldomagalhaes.com.br\/index.php\/wp-json\/wp\/v2\/categories?post=65838"},{"taxonomy":"post_tag","embeddable":true,"href":"https:\/\/blogdoedvaldomagalhaes.com.br\/index.php\/wp-json\/wp\/v2\/tags?post=65838"}],"curies":[{"name":"wp","href":"https:\/\/api.w.org\/{rel}","templated":true}]}}