{"id":65833,"date":"2021-01-14T11:50:07","date_gmt":"2021-01-14T14:50:07","guid":{"rendered":"https:\/\/blogdoedvaldomagalhaes.com.br\/?p=65833"},"modified":"2021-01-14T11:50:08","modified_gmt":"2021-01-14T14:50:08","slug":"recife-tem-em-2020-o-menor-numero-de-roubos-da-serie-historica-segundo-a-sds","status":"publish","type":"post","link":"https:\/\/blogdoedvaldomagalhaes.com.br\/index.php\/2021\/01\/14\/recife-tem-em-2020-o-menor-numero-de-roubos-da-serie-historica-segundo-a-sds\/","title":{"rendered":"Recife tem em 2020 o menor n\u00famero de roubos da s\u00e9rie hist\u00f3rica, segundo a SDS"},"content":{"rendered":"<p style=\"text-align: justify;\"><span style=\"font-size: inherit;\">Desde o in\u00edcio da s\u00e9rie estat\u00edstica da Secretaria de Defesa Social, em 2005, a capital pernambucana registrou o menor \u00edndice de roubos tanto no m\u00eas de dezembro (1.400 casos) como no acumulado do ano (17.781). Pernambuco consolida 40 meses seguidos de decl\u00ednio mensal desse tipo de crime em todas as regi\u00f5es do Estado, com menos 26.915 infra\u00e7\u00f5es em rela\u00e7\u00e3o a 2019. Assim, o Estado chegou ao mais baixo patamar de crimes patrimoniais dos \u00faltimos sete anos_<\/span><\/p>\n<p style=\"text-align: justify;\">O fechamento dos \u00edndices de Crimes Violentos contra o Patrim\u00f4nio (CVP) em 2020 colocou o Recife em destaque no combate a esses crimes desde o in\u00edcio da s\u00e9rie hist\u00f3rica de estat\u00edsticas criminais, iniciada em 2005. A capital pernambucana registrou 17.781 roubos no ano passado, -57,3% em rela\u00e7\u00e3o aos 41.650 boletins de ocorr\u00eancia de 2016, ano com o maior n\u00famero de casos notificados \u00e0s pol\u00edcias. Dezembro de 2020 tamb\u00e9m alcan\u00e7ou a menor incid\u00eancia na cidade nesse m\u00eas, quando analisados os \u00faltimos 16 anos. Foram 1.400 roubos. O maior \u00edndice registrado em dezembro havia sido em 2016, com 4.002 crimes patrimoniais. Isso significa uma redu\u00e7\u00e3o de 65% entre o maior e o menor patamar.<\/p>\n<p style=\"text-align: justify;\">Em Pernambuco, as estat\u00edsticas de CVP de 2020 apontam menos 26.915 crimes de roubo em rela\u00e7\u00e3o a 2019. A diminui\u00e7\u00e3o foi de 33,8%, saindo de 79.629 crimes para 52.714. No m\u00eas passado, ocorreram 4.005 roubos, contra os 5.710 de dezembro de 2019. Corresponde a uma diminui\u00e7\u00e3o de 29,86% nesses tipos de infra\u00e7\u00e3o, que englobam roubos de ve\u00edculos, celulares, cargas, \u00f4nibus, entre outros. Conforme as estat\u00edsticas da Secretaria de Defesa Social (SDS), j\u00e1 s\u00e3o 40 meses consecutivos de retra\u00e7\u00e3o, sempre comparando-se com os mesmos meses do ano antecedente.<\/p>\n<p style=\"text-align: justify;\">\u201cTivemos em 2020 o mais baixo quantitativo de CVPs dos \u00faltimos sete anos em Pernambuco, acima das 51.406 ocorr\u00eancias verificadas em 2013 e das 50.548 de 2012, o melhor ano do Pacto pela Vida. Os n\u00fameros do ano passado refletem a produtividade das nossas for\u00e7as de seguran\u00e7a, que precisaram trabalhar em um esfor\u00e7o redobrado nesse ano at\u00edpico, devido \u00e0 pandemia. Ao todo, conseguimos apreender 6.742 armas e autuar 56.065 pessoas autuadas em flagrante delito, contribuindo para aumentar a sensa\u00e7\u00e3o de seguran\u00e7a dos pernambucanos\u201d, declarou o secret\u00e1rio de Defesa Social, Antonio de P\u00e1dua.<\/p>\n<p style=\"text-align: justify;\">*REDU\u00c7\u00c3O EM TODO O TERRIT\u00d3RIO -* Em dezembro, a diminui\u00e7\u00e3o dos CVPs de 2019 para 2020 ocorreu do Litoral ao Sert\u00e3o. O percentual de queda mais acentuado foi obtido pela Zona da Mata, com -38,10% (de 601, em dezembro de 2019, caiu para 372). Em seguida, vieram o Sert\u00e3o, com -33,85% (de 322 para 213); Regi\u00e3o Metropolitana, com -27,71% (1.696 para 1.226); e Agreste, com -26,14% (1.075 para 794). O Recife apresentou uma retra\u00e7\u00e3o de 30,56% (2.016 para 1.400). <br \/><br \/>Em todo o ano, a capital se distinguiu entre as regi\u00f5es por atingir -38,21% no confronto entre os \u00edndices dos dois \u00faltimos anos. Na cidade, as queixas de roubo passaram de 28.778 para 17.781. O segundo melhor recuo pertence \u00e0 Zona da Mata, onde a popula\u00e7\u00e3o denunciou 5.093 crimes violentos contra o patrim\u00f4nio no ano passado, -34,03% em rela\u00e7\u00e3o aos 7.720 de 2019. Depois, o Agreste apresentou queda de 32,51%, saindo de 14.908 para 10.062 casos. Percentual pr\u00f3ximo ao da Regi\u00e3o Metropolitana, onde os roubos diminu\u00edram de 24.178 para 16.872, ou -30,22%. Por sua vez, o Sert\u00e3o evidenciou uma queda de 28,16%, de 4.045 para 2.906.<br \/><br \/>*INVESTIDAS EM \u00d4NIBUS T\u00caM MENOR N\u00daMERO EM SEIS ANOS -* O ano de 2020 encerrou-se com o total de 629 roubos a \u00f4nibus em Pernambuco. \u00c9 o menor patamar desde 2014, que tinha finalizado seus 12 meses com 524 casos. A redu\u00e7\u00e3o em compara\u00e7\u00e3o com 2019 alcan\u00e7ou 24,85%, j\u00e1 que no ano anterior a Pol\u00edcia Civil de Pernambuco havia recebido 837 queixas concernentes a esse tipo de CVP. Em dezembro, aconteceram 39 assaltos a coletivos, -41,79% ao confrontar esses dados com os 67 do \u00faltimo m\u00eas de 2019.<\/p>\n<p style=\"text-align: justify;\">*MENOS 7 MIL CELULARES ROUBADOS -* De 2019 para 2020, o n\u00famero de celulares roubados foi 23,7% menor. A diferen\u00e7a chega a 7.430 roubos a menos: de 31.406 para 23.976. Considerando apenas o \u00faltimo m\u00eas do ano passado, a varia\u00e7\u00e3o foi de -4,2% em rela\u00e7\u00e3o a dezembro de 2019, ao cair de 2.209 para 2.117. Al\u00e9m disso, em 2020 as for\u00e7as de seguran\u00e7a p\u00fablica de Pernambuco conseguiram recuperar 9.813 aparelhos que estavam nas m\u00e3os de criminosos.<\/p>\n<p style=\"text-align: justify;\">*SUBTRA\u00c7\u00c3O DE VE\u00cdCULOS REGRIDE EM TODO O ESTADO -* A capital pernambucana tamb\u00e9m sobressaiu quanto \u00e0 redu\u00e7\u00e3o da incid\u00eancia de roubos de ve\u00edculos. Em 2020, ocorreram 1.970 crimes dessa modalidade, -35,6% em rela\u00e7\u00e3o aos 3.059 de 2019. Em todo o Estado, a subtra\u00e7\u00e3o de ve\u00edculos em abordagens violentas regrediu 28,75%, passando de 13.224 para 9.422 casos. Somente em dezembro, o Recife passou de 246 para 161 (-34,55%), enquanto em Pernambuco a diminui\u00e7\u00e3o foi de 988 para 758 (-23,28%).<\/p>\n<p style=\"text-align: justify;\">*ROUBO DE CARGA RECUA 7,5% NO ANO -* Em dezembro \u00faltimo, as ocorr\u00eancias de roubo de carga no Estado ca\u00edram mais que a metade do verificado no mesmo m\u00eas do ano antecedente. De 49 queixas, o n\u00famero baixou para 24, isto \u00e9, -51%. No total de 2020, a diminui\u00e7\u00e3o atingiu 7,5%, uma vez que o quantitativo de queixas nas delegacias saiu de 573 em 2019 para 530 no ano seguinte.<\/p>\n<p style=\"text-align: justify;\">*INVESTIDAS CONTRA INSTITUI\u00c7\u00d5ES FINANCEIRAS CAEM 11% -* Ao longo do ano passado, os crimes violentos consumados visando ao patrim\u00f4nio de ag\u00eancias banc\u00e1rias, caixas-eletr\u00f4nicos e carros-fortes somaram 16 casos em Pernambuco. S\u00e3o dois a menos do que em 2019, ou seja, -11%. Destaque para a redu\u00e7\u00e3o dos ataques a ve\u00edculos de transporte de valores, que foram dois em 2020, contra seis no ano precedente, o que representa -67%. No m\u00eas passado, a \u00fanica investida consumada foi um roubo a carro-forte.<\/p>\n<p style=\"text-align: justify;\">*MAIS DE 56 MIL PRIS\u00d5ES EM FLAGRANTE -* As for\u00e7as de seguran\u00e7a p\u00fablica de Pernambuco autuaram 4.871 pessoas em flagrante delito em dezembro, chegando ao total de 56.065 flagrantes efetuados em 2020. Em todo o ano, tamb\u00e9m apreenderam 6.463 adolescentes que cometeram ato infracional. Policiais ainda realizaram a apreens\u00e3o de 6.742 armas durante esses 12 meses, bem como atuaram em 8.474 ocorr\u00eancias de tr\u00e1fico de entorpecentes.<\/p>\n<p style=\"text-align: justify;\">*OPERA\u00c7\u00d5ES PERMANENTES EVITAM MAIS DE 3 MIL ROUBOS -* Juntas, as tr\u00eas opera\u00e7\u00f5es permanentes contra CVPs que s\u00e3o desenvolvidas no Recife ajudaram a prevenir 3.007 roubos em 2020, se comparado o n\u00famero de ocorr\u00eancias com o de 2019. Apenas a Opera\u00e7\u00e3o Cerne, que abrange o Centro da cidade, trouxe uma diferen\u00e7a de -41,9% nos roubos de um ano para outro: de 3.686 para 2.142. J\u00e1 a Opera\u00e7\u00e3o Boa Viagem, focada na Zona Sul, baixou os \u00edndices em 41,3%, de 2.654 para 1.559 CVPs. Finalmente, com a Opera\u00e7\u00e3o Agamenon Magalh\u00e3es &#8211; que contempla o principal corredor vi\u00e1rio da capital e seu entorno &#8211; os roubos em 2020 corresponderam a menos da metade dos registrados no ano anterior. De 593 queixas, caiu para 225, o que significa -62,1%.<\/p>\n\n\n<figure class=\"wp-block-image size-large\"><img loading=\"lazy\" decoding=\"async\" width=\"1024\" height=\"683\" src=\"https:\/\/blogdoedvaldomagalhaes.com.br\/wp-content\/uploads\/2021\/01\/IMG-20210114-WA0004-1024x683.jpg\" alt=\"\" class=\"wp-image-65835\" srcset=\"https:\/\/blogdoedvaldomagalhaes.com.br\/wp-content\/uploads\/2021\/01\/IMG-20210114-WA0004-1024x683.jpg 1024w, https:\/\/blogdoedvaldomagalhaes.com.br\/wp-content\/uploads\/2021\/01\/IMG-20210114-WA0004-300x200.jpg 300w, https:\/\/blogdoedvaldomagalhaes.com.br\/wp-content\/uploads\/2021\/01\/IMG-20210114-WA0004-768x512.jpg 768w, https:\/\/blogdoedvaldomagalhaes.com.br\/wp-content\/uploads\/2021\/01\/IMG-20210114-WA0004.jpg 1080w\" sizes=\"auto, (max-width: 1024px) 100vw, 1024px\" \/><figcaption>Fotos: Divulga\u00e7\u00e3o<\/figcaption><\/figure>\n\n\n\n<figure class=\"wp-block-image size-large\"><img loading=\"lazy\" decoding=\"async\" width=\"784\" height=\"407\" src=\"https:\/\/blogdoedvaldomagalhaes.com.br\/wp-content\/uploads\/2021\/01\/IMG-20210114-WA0003.jpg\" alt=\"\" class=\"wp-image-65836\" srcset=\"https:\/\/blogdoedvaldomagalhaes.com.br\/wp-content\/uploads\/2021\/01\/IMG-20210114-WA0003.jpg 784w, https:\/\/blogdoedvaldomagalhaes.com.br\/wp-content\/uploads\/2021\/01\/IMG-20210114-WA0003-300x156.jpg 300w, https:\/\/blogdoedvaldomagalhaes.com.br\/wp-content\/uploads\/2021\/01\/IMG-20210114-WA0003-768x399.jpg 768w\" sizes=\"auto, (max-width: 784px) 100vw, 784px\" \/><\/figure>\n","protected":false},"excerpt":{"rendered":"<p>Desde o in\u00edcio da s\u00e9rie estat\u00edstica da Secretaria de Defesa Social, em 2005, a capital pernambucana registrou o menor \u00edndice&hellip;<\/p>\n","protected":false},"author":1,"featured_media":65834,"comment_status":"open","ping_status":"open","sticky":false,"template":"","format":"standard","meta":{"footnotes":""},"categories":[14120],"tags":[2,19532,1479,20610],"class_list":["post-65833","post","type-post","status-publish","format-standard","has-post-thumbnail","hentry","category-noticias","tag-blog-do-edvaldo-magalhaes","tag-blog-mais-acessado-e-visualizado-de-caruaru-e-regiao","tag-noticias-policiais","tag-recife-tem-em-2020-o-menor-numero-de-roubos-da-serie-historica"],"_links":{"self":[{"href":"https:\/\/blogdoedvaldomagalhaes.com.br\/index.php\/wp-json\/wp\/v2\/posts\/65833","targetHints":{"allow":["GET"]}}],"collection":[{"href":"https:\/\/blogdoedvaldomagalhaes.com.br\/index.php\/wp-json\/wp\/v2\/posts"}],"about":[{"href":"https:\/\/blogdoedvaldomagalhaes.com.br\/index.php\/wp-json\/wp\/v2\/types\/post"}],"author":[{"embeddable":true,"href":"https:\/\/blogdoedvaldomagalhaes.com.br\/index.php\/wp-json\/wp\/v2\/users\/1"}],"replies":[{"embeddable":true,"href":"https:\/\/blogdoedvaldomagalhaes.com.br\/index.php\/wp-json\/wp\/v2\/comments?post=65833"}],"version-history":[{"count":1,"href":"https:\/\/blogdoedvaldomagalhaes.com.br\/index.php\/wp-json\/wp\/v2\/posts\/65833\/revisions"}],"predecessor-version":[{"id":65837,"href":"https:\/\/blogdoedvaldomagalhaes.com.br\/index.php\/wp-json\/wp\/v2\/posts\/65833\/revisions\/65837"}],"wp:featuredmedia":[{"embeddable":true,"href":"https:\/\/blogdoedvaldomagalhaes.com.br\/index.php\/wp-json\/wp\/v2\/media\/65834"}],"wp:attachment":[{"href":"https:\/\/blogdoedvaldomagalhaes.com.br\/index.php\/wp-json\/wp\/v2\/media?parent=65833"}],"wp:term":[{"taxonomy":"category","embeddable":true,"href":"https:\/\/blogdoedvaldomagalhaes.com.br\/index.php\/wp-json\/wp\/v2\/categories?post=65833"},{"taxonomy":"post_tag","embeddable":true,"href":"https:\/\/blogdoedvaldomagalhaes.com.br\/index.php\/wp-json\/wp\/v2\/tags?post=65833"}],"curies":[{"name":"wp","href":"https:\/\/api.w.org\/{rel}","templated":true}]}}