{"id":65809,"date":"2021-01-14T10:01:38","date_gmt":"2021-01-14T13:01:38","guid":{"rendered":"https:\/\/blogdoedvaldomagalhaes.com.br\/?p=65809"},"modified":"2021-01-14T10:01:40","modified_gmt":"2021-01-14T13:01:40","slug":"prf-liberta-refem-e-recupera-caminhao-com-eletrodomesticos-roubados","status":"publish","type":"post","link":"https:\/\/blogdoedvaldomagalhaes.com.br\/index.php\/2021\/01\/14\/prf-liberta-refem-e-recupera-caminhao-com-eletrodomesticos-roubados\/","title":{"rendered":"PRF liberta ref\u00e9m e recupera caminh\u00e3o com eletrodom\u00e9sticos roubados"},"content":{"rendered":"<p style=\"text-align: justify;\"><span style=\"font-size: inherit;\">Um caminh\u00e3o e uma carga de eletrodom\u00e9sticos que haviam sido roubados foram recuperados na noite de quarta-feira (13), na BR 232, em Arcoverde, no Sert\u00e3o de Pernambuco. O motorista do ve\u00edculo, que estava sendo mantido ref\u00e9m no carro utilizado pelos assaltantes, foi libertado pela Pol\u00edcia Rodovi\u00e1ria Federal (PRF).<\/span><\/p>\n<p style=\"text-align: justify;\">Policiais realizavam uma ronda no Km 240 da rodovia, quando observaram um caminh\u00e3o e um carro estacionados em um terreno baldio, na entrada do Projeto Cara\u00edbas. Ao se aproximarem do local, avistaram um homem ao lado dos ve\u00edculos, que se evadiu logo em seguida por um matagal.<\/p>\n<p style=\"text-align: justify;\">Ap\u00f3s abrir o carro, encontraram o motorista do caminh\u00e3o que havia sido obrigado a ficar deitado no banco de tr\u00e1s do ve\u00edculo. O homem informou que havia sido assaltado pouco antes por tr\u00eas homens armados, na subida da Serra do Mimoso.<\/p>\n<p style=\"text-align: justify;\">Em consulta, foi descoberto que o carro havia sido roubado no dia 14 de dezembro do ano passado, em Paulista, no Grande Recife.<\/p>\n<p style=\"text-align: justify;\">O motorista foi encaminhado junto com o caminh\u00e3o e o carro para prestar queixa na Delegacia de Pol\u00edcia Civil de Arcoverde, que ir\u00e1 investigar o caso.<\/p>\n\n\n<figure class=\"wp-block-image size-large\"><img loading=\"lazy\" decoding=\"async\" width=\"1024\" height=\"768\" src=\"https:\/\/blogdoedvaldomagalhaes.com.br\/wp-content\/uploads\/2021\/01\/IMG-20210114-WA0058-1024x768.jpg\" alt=\"\" class=\"wp-image-65811\" srcset=\"https:\/\/blogdoedvaldomagalhaes.com.br\/wp-content\/uploads\/2021\/01\/IMG-20210114-WA0058-1024x768.jpg 1024w, https:\/\/blogdoedvaldomagalhaes.com.br\/wp-content\/uploads\/2021\/01\/IMG-20210114-WA0058-300x225.jpg 300w, https:\/\/blogdoedvaldomagalhaes.com.br\/wp-content\/uploads\/2021\/01\/IMG-20210114-WA0058-768x576.jpg 768w, https:\/\/blogdoedvaldomagalhaes.com.br\/wp-content\/uploads\/2021\/01\/IMG-20210114-WA0058-160x120.jpg 160w, https:\/\/blogdoedvaldomagalhaes.com.br\/wp-content\/uploads\/2021\/01\/IMG-20210114-WA0058.jpg 1152w\" sizes=\"auto, (max-width: 1024px) 100vw, 1024px\" \/><figcaption>Fotos: PRF\/Divulga\u00e7\u00e3o <\/figcaption><\/figure>\n","protected":false},"excerpt":{"rendered":"<p>Um caminh\u00e3o e uma carga de eletrodom\u00e9sticos que haviam sido roubados foram recuperados na noite de quarta-feira (13), na BR&hellip;<\/p>\n","protected":false},"author":1,"featured_media":65810,"comment_status":"open","ping_status":"open","sticky":false,"template":"","format":"standard","meta":{"footnotes":""},"categories":[14121],"tags":[2,19418,1479,20606],"class_list":["post-65809","post","type-post","status-publish","format-standard","has-post-thumbnail","hentry","category-policial","tag-blog-do-edvaldo-magalhaes","tag-blog-mais-acessado-de-caruaru-e-regiao","tag-noticias-policiais","tag-prf-liberta-refem-e-recupera-caminhao-com-eletrodomesticos-roubados"],"_links":{"self":[{"href":"https:\/\/blogdoedvaldomagalhaes.com.br\/index.php\/wp-json\/wp\/v2\/posts\/65809","targetHints":{"allow":["GET"]}}],"collection":[{"href":"https:\/\/blogdoedvaldomagalhaes.com.br\/index.php\/wp-json\/wp\/v2\/posts"}],"about":[{"href":"https:\/\/blogdoedvaldomagalhaes.com.br\/index.php\/wp-json\/wp\/v2\/types\/post"}],"author":[{"embeddable":true,"href":"https:\/\/blogdoedvaldomagalhaes.com.br\/index.php\/wp-json\/wp\/v2\/users\/1"}],"replies":[{"embeddable":true,"href":"https:\/\/blogdoedvaldomagalhaes.com.br\/index.php\/wp-json\/wp\/v2\/comments?post=65809"}],"version-history":[{"count":1,"href":"https:\/\/blogdoedvaldomagalhaes.com.br\/index.php\/wp-json\/wp\/v2\/posts\/65809\/revisions"}],"predecessor-version":[{"id":65812,"href":"https:\/\/blogdoedvaldomagalhaes.com.br\/index.php\/wp-json\/wp\/v2\/posts\/65809\/revisions\/65812"}],"wp:featuredmedia":[{"embeddable":true,"href":"https:\/\/blogdoedvaldomagalhaes.com.br\/index.php\/wp-json\/wp\/v2\/media\/65810"}],"wp:attachment":[{"href":"https:\/\/blogdoedvaldomagalhaes.com.br\/index.php\/wp-json\/wp\/v2\/media?parent=65809"}],"wp:term":[{"taxonomy":"category","embeddable":true,"href":"https:\/\/blogdoedvaldomagalhaes.com.br\/index.php\/wp-json\/wp\/v2\/categories?post=65809"},{"taxonomy":"post_tag","embeddable":true,"href":"https:\/\/blogdoedvaldomagalhaes.com.br\/index.php\/wp-json\/wp\/v2\/tags?post=65809"}],"curies":[{"name":"wp","href":"https:\/\/api.w.org\/{rel}","templated":true}]}}