{"id":65803,"date":"2021-01-14T09:32:02","date_gmt":"2021-01-14T12:32:02","guid":{"rendered":"https:\/\/blogdoedvaldomagalhaes.com.br\/?p=65803"},"modified":"2021-01-14T09:32:03","modified_gmt":"2021-01-14T12:32:03","slug":"cesta-basica-em-caruaru-apresenta-nova-alta-no-valor","status":"publish","type":"post","link":"https:\/\/blogdoedvaldomagalhaes.com.br\/index.php\/2021\/01\/14\/cesta-basica-em-caruaru-apresenta-nova-alta-no-valor\/","title":{"rendered":"Cesta b\u00e1sica em Caruaru apresenta nova alta no valor"},"content":{"rendered":"<p style=\"text-align: justify;\"><span style=\"font-size: inherit;\">Em pesquisa coordenada pela professora Eliane Alves, o Centro Universit\u00e1rio UniFavip divulgou, a partir dos cursos de Ci\u00eancias Cont\u00e1beis e Gest\u00e3o Financeira, dados sobre o valor da cesta b\u00e1sica, em Caruaru, no Agreste de Pernambuco. Os dados s\u00e3o referentes ao m\u00eas de dezembro, quando foi registrado um aumento de 3,11% no valor total, o que representa uma alta significativa, ap\u00f3s queda em novembro. Durante 2020, a cesta b\u00e1sica do caruaruense apresentou uma varia\u00e7\u00e3o de 29,2%, comparado ao ano anterior.<\/span><\/p>\n<p style=\"text-align: justify;\">\nDe acordo com a pesquisa, os itens que mais contribu\u00edram para o aumento no valor total\u00a0da cesta b\u00e1sica em dezembro foram a carne (7,02%), o feij\u00e3o (8,5%), a banana (6,51%) e a margarina (5,77%). Para comprar a quantidade necess\u00e1ria de carne, o caruaruense precisou desembolsar, em m\u00e9dia, R$ 111,50. Para os outros itens que mais pesaram na cesta, o valor gasto foi, em m\u00e9dia, de: R$ 68,94 para o p\u00e3o, R$ 35,88 para os legumes e para o feij\u00e3o R$ 32,42.<\/p>\n<p>Baseado na metodologia do Departamento Intersindical de Estat\u00edstica e Estudos Socioecon\u00f4micos (DIEESE), a pesquisa levantou as horas trabalhadas para a obten\u00e7\u00e3o da\u00a0cesta\u00a0b\u00e1sica. Para pagar o valor apresentado pela cesta b\u00e1sica\u00a0no\u00a0m\u00eas\u00a0indicado, o assalariado\u00a0de Caruaru\u00a0precisou trabalhar 84 horas e 30 minutos. Al\u00e9m disso, o sal\u00e1rio m\u00ednimo ideal para um trabalhador da cidade, diante deste cen\u00e1rio, seria de R$ 3.071,16.<\/p>\n<p>Ainda segundo a professora Eliane, alguns alimentos que comp\u00f5em a cesta apresentaram leve queda, a exemplo do leite (7,19%) e do arroz (1,9%). Se compararmos Caruaru \u00e0 Recife, a alimenta\u00e7\u00e3o\u00a0b\u00e1sica\u00a0caruaruense apresentou uma leve queda na diferen\u00e7a, passando de R$ 108,445, em novembro, para R$103,82.<\/p>\n<p>O ano de 2020, diante da pandemia, apresentou uma consider\u00e1vel alta na maioria dos itens da cesta b\u00e1sica. Os produtos que mais apresentaram varia\u00e7\u00e3o percentual foram, da\u00a0maior para a menor:\u00a0o \u00f3leo (107,4%), o arroz (84%), o tomate (43,75%), a carne (37,82%) e o a\u00e7\u00facar (31,73%).<\/p>\n","protected":false},"excerpt":{"rendered":"<p>Em pesquisa coordenada pela professora Eliane Alves, o Centro Universit\u00e1rio UniFavip divulgou, a partir dos cursos de Ci\u00eancias Cont\u00e1beis e&hellip;<\/p>\n","protected":false},"author":1,"featured_media":65804,"comment_status":"open","ping_status":"open","sticky":false,"template":"","format":"standard","meta":{"footnotes":""},"categories":[14120],"tags":[2,19418,20604],"class_list":["post-65803","post","type-post","status-publish","format-standard","has-post-thumbnail","hentry","category-noticias","tag-blog-do-edvaldo-magalhaes","tag-blog-mais-acessado-de-caruaru-e-regiao","tag-cesta-basica-em-caruaru-apresenta-nova-alta-no-valor"],"_links":{"self":[{"href":"https:\/\/blogdoedvaldomagalhaes.com.br\/index.php\/wp-json\/wp\/v2\/posts\/65803","targetHints":{"allow":["GET"]}}],"collection":[{"href":"https:\/\/blogdoedvaldomagalhaes.com.br\/index.php\/wp-json\/wp\/v2\/posts"}],"about":[{"href":"https:\/\/blogdoedvaldomagalhaes.com.br\/index.php\/wp-json\/wp\/v2\/types\/post"}],"author":[{"embeddable":true,"href":"https:\/\/blogdoedvaldomagalhaes.com.br\/index.php\/wp-json\/wp\/v2\/users\/1"}],"replies":[{"embeddable":true,"href":"https:\/\/blogdoedvaldomagalhaes.com.br\/index.php\/wp-json\/wp\/v2\/comments?post=65803"}],"version-history":[{"count":1,"href":"https:\/\/blogdoedvaldomagalhaes.com.br\/index.php\/wp-json\/wp\/v2\/posts\/65803\/revisions"}],"predecessor-version":[{"id":65805,"href":"https:\/\/blogdoedvaldomagalhaes.com.br\/index.php\/wp-json\/wp\/v2\/posts\/65803\/revisions\/65805"}],"wp:featuredmedia":[{"embeddable":true,"href":"https:\/\/blogdoedvaldomagalhaes.com.br\/index.php\/wp-json\/wp\/v2\/media\/65804"}],"wp:attachment":[{"href":"https:\/\/blogdoedvaldomagalhaes.com.br\/index.php\/wp-json\/wp\/v2\/media?parent=65803"}],"wp:term":[{"taxonomy":"category","embeddable":true,"href":"https:\/\/blogdoedvaldomagalhaes.com.br\/index.php\/wp-json\/wp\/v2\/categories?post=65803"},{"taxonomy":"post_tag","embeddable":true,"href":"https:\/\/blogdoedvaldomagalhaes.com.br\/index.php\/wp-json\/wp\/v2\/tags?post=65803"}],"curies":[{"name":"wp","href":"https:\/\/api.w.org\/{rel}","templated":true}]}}