{"id":65799,"date":"2021-01-13T20:15:17","date_gmt":"2021-01-13T23:15:17","guid":{"rendered":"https:\/\/blogdoedvaldomagalhaes.com.br\/?p=65799"},"modified":"2021-01-13T20:15:18","modified_gmt":"2021-01-13T23:15:18","slug":"governo-pe-proibe-som-em-bares-restaurantes-e-praia-a-partir-desta-sexta-feira-15","status":"publish","type":"post","link":"https:\/\/blogdoedvaldomagalhaes.com.br\/index.php\/2021\/01\/13\/governo-pe-proibe-som-em-bares-restaurantes-e-praia-a-partir-desta-sexta-feira-15\/","title":{"rendered":"Governo-PE pro\u00edbe som em bares, restaurantes e praia a partir desta sexta-feira (15)"},"content":{"rendered":"<p style=\"text-align: justify;\"><span lang=\"PT\">O Governo de Pernambuco tamb\u00e9m anunciou nesta quarta-feira a proibi\u00e7\u00e3o, em todo o Estado, da utiliza\u00e7\u00e3o de som de qualquer natureza em bares, restaurantes e estabelecimentos similares, incluindo o com\u00e9rcio de praia, a partir da pr\u00f3xima sexta-feira (15.01). O decreto \u2013 definido ap\u00f3s reuni\u00e3o do Comit\u00ea de Enfrentamento \u00e0 Covid-19 e com base nos indicadores epidemiol\u00f3gicos \u2013 ainda pro\u00edbe a utiliza\u00e7\u00e3o de som mec\u00e2nico, ou mesmo ao vivo, que gere aglomera\u00e7\u00e3o. Nesses casos, os equipamentos poder\u00e3o ser apreendidos pela pol\u00edcia ou pelos \u00f3rg\u00e3os municipais.<\/span><\/p>\n<p style=\"text-align: justify;\"><span lang=\"PT\">As novas medidas, anunciadas durante a coletiva online do Governo de Pernambuco, t\u00eam validade de 30 dias, com o objetivo de diminuir os \u00edndices do novo coronav\u00edrus, que apresentaram aumento na \u00faltima semana.\u00a0 O secret\u00e1rio estadual de Sa\u00fade, Andr\u00e9 Longo, explicou que as iniciativas adotadas pelo comit\u00ea est\u00e3o condicionadas ao comportamento da popula\u00e7\u00e3o. \u201cAs medidas ser\u00e3o proporcionais \u00e0s nossas atitudes enquanto sociedade. Se cumpridos \u00e0 risca, os protocolos sanit\u00e1rios reduzem a possibilidade de cont\u00e1gio e permitem o funcionamento seguro de todas as atividades. Por isso estamos tomando essa medida. Al\u00e9m disso, qualquer tipo de utiliza\u00e7\u00e3o de som que cause aglomera\u00e7\u00e3o, seja um pared\u00e3o mec\u00e2nico ou uma orquestra, poder\u00e1 ser alvo de apreens\u00e3o pelo poder p\u00fablico\u201d, disse Longo.<\/span><\/p>\n<p style=\"text-align: justify;\"><span lang=\"PT\">Embora reconhe\u00e7a o esfor\u00e7o das prefeituras, sobretudo as da Regi\u00e3o Metropolitana do Recife, no refor\u00e7o das fiscaliza\u00e7\u00f5es das praias, o secret\u00e1rio afirmou que n\u00e3o foi suficiente para evitar o descumprimento das normas sanit\u00e1rias em diversos pontos de praias e em parques. \u201cCaso as cenas de grandes concentra\u00e7\u00f5es se repitam neste final de semana, vamos adotar restri\u00e7\u00f5es severas nesses espa\u00e7os p\u00fablicos\u201d, disse, refor\u00e7ando a import\u00e2ncia do uso de m\u00e1scara, do distanciamento f\u00edsico e da lavagem frequente das m\u00e3os como forma de controlar a transmiss\u00e3o da Covid-19.<\/span><\/p>\n<p style=\"text-align: justify;\"><span lang=\"PT\">O secret\u00e1rio de Justi\u00e7a e Direitos Humanos, Pedro Eurico, afirmou que o Procon tomar\u00e1 iniciativas en\u00e9rgicas no caso de descumprimento das novas medidas. Ele advertiu que o estabelecimento reincidente ter\u00e1 a autoriza\u00e7\u00e3o de funcionamento cassada. \u201cVamos fechar a inscri\u00e7\u00e3o na fazenda estadual e na Junta Comercial desses estabelecimentos que descumprirem as novas regras\u201d, refor\u00e7ou.<\/span><\/p>\n","protected":false},"excerpt":{"rendered":"<p>O Governo de Pernambuco tamb\u00e9m anunciou nesta quarta-feira a proibi\u00e7\u00e3o, em todo o Estado, da utiliza\u00e7\u00e3o de som de qualquer&hellip;<\/p>\n","protected":false},"author":1,"featured_media":65800,"comment_status":"open","ping_status":"open","sticky":false,"template":"","format":"standard","meta":{"footnotes":""},"categories":[14120],"tags":[2,19532,20603,3140,19670],"class_list":["post-65799","post","type-post","status-publish","format-standard","has-post-thumbnail","hentry","category-noticias","tag-blog-do-edvaldo-magalhaes","tag-blog-mais-acessado-e-visualizado-de-caruaru-e-regiao","tag-governo-pe-proibe-som-em-bares-restaurantes-e-praia-a-partir-desta-sexta-feira-15","tag-noticias-de-pernambuco","tag-novo-coronavirus"],"_links":{"self":[{"href":"https:\/\/blogdoedvaldomagalhaes.com.br\/index.php\/wp-json\/wp\/v2\/posts\/65799","targetHints":{"allow":["GET"]}}],"collection":[{"href":"https:\/\/blogdoedvaldomagalhaes.com.br\/index.php\/wp-json\/wp\/v2\/posts"}],"about":[{"href":"https:\/\/blogdoedvaldomagalhaes.com.br\/index.php\/wp-json\/wp\/v2\/types\/post"}],"author":[{"embeddable":true,"href":"https:\/\/blogdoedvaldomagalhaes.com.br\/index.php\/wp-json\/wp\/v2\/users\/1"}],"replies":[{"embeddable":true,"href":"https:\/\/blogdoedvaldomagalhaes.com.br\/index.php\/wp-json\/wp\/v2\/comments?post=65799"}],"version-history":[{"count":1,"href":"https:\/\/blogdoedvaldomagalhaes.com.br\/index.php\/wp-json\/wp\/v2\/posts\/65799\/revisions"}],"predecessor-version":[{"id":65801,"href":"https:\/\/blogdoedvaldomagalhaes.com.br\/index.php\/wp-json\/wp\/v2\/posts\/65799\/revisions\/65801"}],"wp:featuredmedia":[{"embeddable":true,"href":"https:\/\/blogdoedvaldomagalhaes.com.br\/index.php\/wp-json\/wp\/v2\/media\/65800"}],"wp:attachment":[{"href":"https:\/\/blogdoedvaldomagalhaes.com.br\/index.php\/wp-json\/wp\/v2\/media?parent=65799"}],"wp:term":[{"taxonomy":"category","embeddable":true,"href":"https:\/\/blogdoedvaldomagalhaes.com.br\/index.php\/wp-json\/wp\/v2\/categories?post=65799"},{"taxonomy":"post_tag","embeddable":true,"href":"https:\/\/blogdoedvaldomagalhaes.com.br\/index.php\/wp-json\/wp\/v2\/tags?post=65799"}],"curies":[{"name":"wp","href":"https:\/\/api.w.org\/{rel}","templated":true}]}}