{"id":65796,"date":"2021-01-13T19:46:03","date_gmt":"2021-01-13T22:46:03","guid":{"rendered":"https:\/\/blogdoedvaldomagalhaes.com.br\/?p=65796"},"modified":"2021-01-13T21:01:03","modified_gmt":"2021-01-14T00:01:03","slug":"pernambuco-ultrapassa-a-marca-dos-200-mil-pacientes-recuperados-da-covid-19","status":"publish","type":"post","link":"https:\/\/blogdoedvaldomagalhaes.com.br\/index.php\/2021\/01\/13\/pernambuco-ultrapassa-a-marca-dos-200-mil-pacientes-recuperados-da-covid-19\/","title":{"rendered":"Pernambuco ultrapassa a marca dos 200 mil pacientes recuperados da covid-19"},"content":{"rendered":"<p style=\"text-align: justify;\"><span lang=\"PT\">Nesta quarta-feira (13\/01), Pernambuco chegou aos 200.524 pacientes recuperados da Covid-19. O quantitativo representa 85% dos mais de 236 mil casos confirmados. Entre os recuperados, 18.651 foram pacientes graves, que necessitaram de internamento hospitalar, e 182.196 foram casos leves.<\/span><\/p>\n<p style=\"text-align: justify;\"><span lang=\"PT\">O boletim epidemiol\u00f3gico desta quarta tamb\u00e9m computa 1.803 novos casos da Covid-19. Entre os confirmados hoje, 93 (5%) s\u00e3o casos de S\u00edndrome Respirat\u00f3ria Aguda Grave (SRAG) e 1.710 (95%) s\u00e3o leves. Agora, Pernambuco totaliza 236.041 casos confirmados da doen\u00e7a, sendo 30.017 graves e 206.024 leves, que est\u00e3o distribu\u00eddos por todos os 184 munic\u00edpios pernambucanos, al\u00e9m do arquip\u00e9lago de Fernando de Noronha.<\/span><\/p>\n<p style=\"text-align: justify;\"><span lang=\"PT\">Tamb\u00e9m foram confirmados laboratorialmente 30 novos \u00f3bitos (12 masculinos e 18 femininos), registrados entre os dias 1\u00ba\/12\/2020 e 12\/01\/2021.\u00a0As novas mortes s\u00e3o de pessoas residentes dos munic\u00edpios de Alagoinha (1), Cabo de Santo Agostinho (1), Carna\u00edba (1), Caruaru (4), Exu (1), Garanhuns (3), Parnamirim (1), Pesqueira (1), Recife (14), Surubim (1) e Venturosa (2).\u00a0\u00a0Com isso, o Estado totaliza 9.919 mortes pela doen\u00e7a.<\/span><\/p>\n<p style=\"text-align: justify;\"><span lang=\"PT\">Os pacientes tinham idades entre 35 e 95 anos. As faixas et\u00e1rias s\u00e3o:\u00a030 a 39 (1), 40 a 49 (3),\u00a050 a 59 (4), 60 a 69 (7), 70 a 79 (7) e 80 ou mais (8).\u00a0Do total, 25 tinham doen\u00e7as pr\u00e9-existentes: doen\u00e7a cardiovascular (16), diabetes (14), hipertens\u00e3o (6), obesidade (5), tabagismo (3), Alzheimer (2), doen\u00e7a respirat\u00f3ria (2), c\u00e2ncer (1), doen\u00e7a hep\u00e1tica (1), doen\u00e7a renal (1), imunossupress\u00e3o (1) &#8211; um paciente pode ter mais de uma comorbidade. Um n\u00e3o tinha comorbidade e os demais est\u00e3o em investiga\u00e7\u00e3o.<\/span><\/p>\n<p style=\"text-align: justify;\"><span lang=\"PT\">Com rela\u00e7\u00e3o \u00e0 testagem dos profissionais de sa\u00fade com sintomas de gripe, em Pernambuco, at\u00e9 agora, 24.761 casos foram confirmados e 44.336 descartados. As testagens entre os trabalhadores do setor abrangem os profissionais de todas as unidades de sa\u00fade, sejam da rede p\u00fablica (estadual e municipal) ou privada. O Governo de Pernambuco foi o primeiro do pa\u00eds a criar um protocolo para testar e afastar os profissionais da \u00e1rea da sa\u00fade com sintomas gripais. O boletim de hoje tamb\u00e9m traz, em sua parte final, o detalhamento da testagem destes profissionais.<\/span><\/p>\n<p style=\"text-align: justify;\">Nesta quarta-feira (13\/01), o governador Paulo C\u00e2mara, ao lado do prefeito do Recife, Jo\u00e3o Campos, entregou 10 novos leitos de UTI para atendimento a pacientes com Covid-19 no Hospital Eduardo Campos da Pessoa Idosa (HECPI). A ativa\u00e7\u00e3o dessas novas vagas \u00e9 resultado de uma parceria entre o Governo de Pernambuco e a Prefeitura do Recife, e far\u00e1 com que a capital pernambucana passe a contar com 130 leitos para tratamento intensivo. A previs\u00e3o \u00e9 que, at\u00e9 o final de fevereiro, outros 70 novos leitos de UTI sejam instalados no HECPI.<\/p>\n<p style=\"text-align: justify;\">Ao todo, o hospital conta com 62 vagas de enfermaria e 10 de UTI. Outros 8 leitos localizados na sala de Recupera\u00e7\u00e3o do Bloco Cir\u00fargico tamb\u00e9m ser\u00e3o transformados em UTIs, totalizando, assim, 80 novas vagas, que ser\u00e3o ativadas aos poucos, \u00e0 medida que houver necessidade. Os pacientes com suspeita ou confirma\u00e7\u00e3o de Covid-19 ter\u00e3o entrada separada dos demais atendimentos.<\/p>\n<p>Foto: HRA\/Arquivo.<\/p>\n","protected":false},"excerpt":{"rendered":"<p>Nesta quarta-feira (13\/01), Pernambuco chegou aos 200.524 pacientes recuperados da Covid-19. O quantitativo representa 85% dos mais de 236 mil&hellip;<\/p>\n","protected":false},"author":1,"featured_media":65797,"comment_status":"open","ping_status":"open","sticky":false,"template":"","format":"standard","meta":{"footnotes":""},"categories":[14120],"tags":[2,19532,3140,19670,20601],"class_list":["post-65796","post","type-post","status-publish","format-standard","has-post-thumbnail","hentry","category-noticias","tag-blog-do-edvaldo-magalhaes","tag-blog-mais-acessado-e-visualizado-de-caruaru-e-regiao","tag-noticias-de-pernambuco","tag-novo-coronavirus","tag-pernambuco-ultrapassa-a-marca-dos-200-mil-pacientes-recuperados-da-covid-19"],"_links":{"self":[{"href":"https:\/\/blogdoedvaldomagalhaes.com.br\/index.php\/wp-json\/wp\/v2\/posts\/65796","targetHints":{"allow":["GET"]}}],"collection":[{"href":"https:\/\/blogdoedvaldomagalhaes.com.br\/index.php\/wp-json\/wp\/v2\/posts"}],"about":[{"href":"https:\/\/blogdoedvaldomagalhaes.com.br\/index.php\/wp-json\/wp\/v2\/types\/post"}],"author":[{"embeddable":true,"href":"https:\/\/blogdoedvaldomagalhaes.com.br\/index.php\/wp-json\/wp\/v2\/users\/1"}],"replies":[{"embeddable":true,"href":"https:\/\/blogdoedvaldomagalhaes.com.br\/index.php\/wp-json\/wp\/v2\/comments?post=65796"}],"version-history":[{"count":2,"href":"https:\/\/blogdoedvaldomagalhaes.com.br\/index.php\/wp-json\/wp\/v2\/posts\/65796\/revisions"}],"predecessor-version":[{"id":65802,"href":"https:\/\/blogdoedvaldomagalhaes.com.br\/index.php\/wp-json\/wp\/v2\/posts\/65796\/revisions\/65802"}],"wp:featuredmedia":[{"embeddable":true,"href":"https:\/\/blogdoedvaldomagalhaes.com.br\/index.php\/wp-json\/wp\/v2\/media\/65797"}],"wp:attachment":[{"href":"https:\/\/blogdoedvaldomagalhaes.com.br\/index.php\/wp-json\/wp\/v2\/media?parent=65796"}],"wp:term":[{"taxonomy":"category","embeddable":true,"href":"https:\/\/blogdoedvaldomagalhaes.com.br\/index.php\/wp-json\/wp\/v2\/categories?post=65796"},{"taxonomy":"post_tag","embeddable":true,"href":"https:\/\/blogdoedvaldomagalhaes.com.br\/index.php\/wp-json\/wp\/v2\/tags?post=65796"}],"curies":[{"name":"wp","href":"https:\/\/api.w.org\/{rel}","templated":true}]}}