{"id":6579,"date":"2017-03-08T21:15:00","date_gmt":"2017-03-09T00:15:00","guid":{"rendered":"http:\/\/blogdoedvaldomagalhaes.com.br\/index.php\/2017\/03\/08\/salao-do-automovel-de-caruaru-comeca\/"},"modified":"2019-02-09T01:19:38","modified_gmt":"2019-02-09T03:19:38","slug":"salao-do-automovel-de-caruaru-comeca","status":"publish","type":"post","link":"https:\/\/blogdoedvaldomagalhaes.com.br\/index.php\/2017\/03\/08\/salao-do-automovel-de-caruaru-comeca\/","title":{"rendered":"Sal\u00e3o do Autom\u00f3vel de Caruaru come\u00e7a nesta quinta (09)"},"content":{"rendered":"<div class=\"separator\" style=\"clear: both; text-align: center;\">\n<a href=\"https:\/\/1.bp.blogspot.com\/-kK7-tqAHPGk\/WMB0UmbKgaI\/AAAAAAAARLQ\/RPy_zk7F28UePkeBjWA5BFjqsfPTIjDIACLcB\/s1600\/sal%25C3%25A3o.jpg\" imageanchor=\"1\" style=\"margin-left: 1em; margin-right: 1em;\"><img loading=\"lazy\" decoding=\"async\" border=\"0\" height=\"281\" src=\"http:\/\/blogdoedvaldomagalhaes.com.br\/wp-content\/uploads\/2017\/03\/salC3A3o.jpg\" width=\"400\" \/><\/a><\/div>\n<div style=\"background-color: #fcfcfc; border: 0px; box-sizing: border-box; font-stretch: inherit; font-variant-numeric: inherit; line-height: inherit; margin-bottom: 10px; padding: 0px; text-align: justify; vertical-align: baseline;\">\n<\/div>\n<div style=\"background-color: #fcfcfc; border: 0px; box-sizing: border-box; font-stretch: inherit; font-variant-numeric: inherit; line-height: inherit; margin-bottom: 10px; padding: 0px; text-align: justify; vertical-align: baseline;\">\nA segunda edi\u00e7\u00e3o do Sal\u00e3o do Autom\u00f3vel, ser\u00e1 realizado no Caruaru Shopping. O evento acontece a partir desta quinta-feira (09), e segue at\u00e9 o domingo (12), sediado no Pavilh\u00e3o de Eventos. A abertura oficial ser\u00e1 marcada por um coquetel, que deve reunir toda imprensa e formadores de opini\u00e3o.<\/div>\n<div style=\"background-color: #fcfcfc; border: 0px; box-sizing: border-box; font-stretch: inherit; font-variant-numeric: inherit; line-height: inherit; margin-bottom: 10px; padding: 0px; text-align: justify; vertical-align: baseline;\">\nO Sal\u00e3o do Autom\u00f3vel contar\u00e1 com muitas novidades que prometem encher os olhos dos visitantes. As marcas que participar\u00e3o do evento trar\u00e3o as \u00faltimas novidades do mercado em rela\u00e7\u00e3o aos modelos, evidenciando as modalidades 4\u00d74, of-road, passeio, sedan, SUV, al\u00e9m dos ve\u00edculos de luxo. Todas as marcas estar\u00e3o expondo modelos que podem ser conhecidos de forma detalhada pelo visitante.<\/div>\n<div class=\"separator\" style=\"clear: both; text-align: center;\">\n<a href=\"http:\/\/blogdoedvaldomagalhaes.com.br\/wp-content\/uploads\/2017\/03\/9-Liberdade-6.jpg\" imageanchor=\"1\" style=\"clear: left; float: left; margin-bottom: 1em; margin-right: 1em;\"><img decoding=\"async\" border=\"0\" src=\"http:\/\/blogdoedvaldomagalhaes.com.br\/wp-content\/uploads\/2017\/03\/9-Liberdade-6.jpg\" \/><\/a><\/div>\n<div style=\"background-color: #fcfcfc; border: 0px; box-sizing: border-box; font-stretch: inherit; font-variant-numeric: inherit; line-height: inherit; margin-bottom: 10px; padding: 0px; text-align: justify; vertical-align: baseline;\">\n<\/div>\n","protected":false},"excerpt":{"rendered":"<p>A segunda edi\u00e7\u00e3o do Sal\u00e3o do Autom\u00f3vel, ser\u00e1 realizado no Caruaru Shopping. O evento acontece a partir desta quinta-feira (09),&hellip;<\/p>\n","protected":false},"author":1,"featured_media":0,"comment_status":"open","ping_status":"open","sticky":false,"template":"","format":"standard","meta":{"footnotes":""},"categories":[1],"tags":[992,5935,6,8922],"class_list":["post-6579","post","type-post","status-publish","format-standard","hentry","category-sem-categoria","tag-blog-do-edvaldo-do-magalhaes","tag-caruaru-shopping","tag-noticias","tag-salao-do-automovel-de-caruaru-comeca-nesta-quinta-09"],"_links":{"self":[{"href":"https:\/\/blogdoedvaldomagalhaes.com.br\/index.php\/wp-json\/wp\/v2\/posts\/6579","targetHints":{"allow":["GET"]}}],"collection":[{"href":"https:\/\/blogdoedvaldomagalhaes.com.br\/index.php\/wp-json\/wp\/v2\/posts"}],"about":[{"href":"https:\/\/blogdoedvaldomagalhaes.com.br\/index.php\/wp-json\/wp\/v2\/types\/post"}],"author":[{"embeddable":true,"href":"https:\/\/blogdoedvaldomagalhaes.com.br\/index.php\/wp-json\/wp\/v2\/users\/1"}],"replies":[{"embeddable":true,"href":"https:\/\/blogdoedvaldomagalhaes.com.br\/index.php\/wp-json\/wp\/v2\/comments?post=6579"}],"version-history":[{"count":1,"href":"https:\/\/blogdoedvaldomagalhaes.com.br\/index.php\/wp-json\/wp\/v2\/posts\/6579\/revisions"}],"predecessor-version":[{"id":17591,"href":"https:\/\/blogdoedvaldomagalhaes.com.br\/index.php\/wp-json\/wp\/v2\/posts\/6579\/revisions\/17591"}],"wp:attachment":[{"href":"https:\/\/blogdoedvaldomagalhaes.com.br\/index.php\/wp-json\/wp\/v2\/media?parent=6579"}],"wp:term":[{"taxonomy":"category","embeddable":true,"href":"https:\/\/blogdoedvaldomagalhaes.com.br\/index.php\/wp-json\/wp\/v2\/categories?post=6579"},{"taxonomy":"post_tag","embeddable":true,"href":"https:\/\/blogdoedvaldomagalhaes.com.br\/index.php\/wp-json\/wp\/v2\/tags?post=6579"}],"curies":[{"name":"wp","href":"https:\/\/api.w.org\/{rel}","templated":true}]}}