{"id":65765,"date":"2021-01-12T23:08:01","date_gmt":"2021-01-13T02:08:01","guid":{"rendered":"https:\/\/blogdoedvaldomagalhaes.com.br\/?p=65765"},"modified":"2021-01-12T23:16:11","modified_gmt":"2021-01-13T02:16:11","slug":"central-de-caruaru-anuncia-nome-do-tecnico-para-o-pernambucano-2021","status":"publish","type":"post","link":"https:\/\/blogdoedvaldomagalhaes.com.br\/index.php\/2021\/01\/12\/central-de-caruaru-anuncia-nome-do-tecnico-para-o-pernambucano-2021\/","title":{"rendered":"Central de Caruaru anuncia nome do t\u00e9cnico para o Pernambucano 2021"},"content":{"rendered":"<p style=\"text-align: justify;\">O Central Sport Club anunciou na noite desta ter\u00e7a-feira o seu t\u00e9cnico para o Pernambucano 2021.<\/p>\n<p style=\"text-align: justify;\">Trata-se de Nen\u00ea Vanucci, que agora se chamar\u00e1 Marco Vanucci.<\/p>\n<p style=\"text-align: justify;\">O t\u00e9cnico teve uma boa passagem na equipe Sub-20 da Patativa no Pernambucano do ano passado, chegando as semifinais.<\/p>\n<p style=\"text-align: justify;\">Nen\u00ea (Marco) ter\u00e1 a grande oportunidade de sua carreira, agora a frente do profissional do Central de Caruaru.<\/p>\n<p style=\"text-align: justify;\">O gramado do Est\u00e1dio Lacerd\u00e3o sempre foi criticado em virtude do piso duro, mas todos sabemos que o rem\u00e9dio para a grama \u00e9 \u00e1gua e descanso.<\/p>\n<p style=\"text-align: justify;\">Como estamos h\u00e1 30 dias sem treinos e recentemente alguns rachas foram suspensos, o campo de jogo do Central vem apresentando uma melhora significativa.<\/p>\n<p style=\"text-align: justify;\">O \u201cmajor\u201d, funcion\u00e1rio que est\u00e1 cuidando do gramado, vem trabalhando incansavelmente no dia-a-dia para ajustar o tapete verde do Monumental da Avenida.<\/p>\n<p style=\"text-align: justify;\">O gramado vem sendo agoado em dois per\u00edodos: \u00e0s 6h e \u00e0s 17h, quando o sol est\u00e1 se despedindo.<\/p>\n<p style=\"text-align: justify;\">A diretoria confirmou a perman\u00eancia de Marc\u00e3o. O profissional<span style=\"font-size: inherit;\">\u00a0chegou ao clube em setembro do ano passado para ser o executivo de futebol do profissional e por alguns erros de comunica\u00e7\u00e3o acabou n\u00e3o ficando no cargo, assumiu as categorias de base e fez um bom trabalho, levando o Alvinegro as semifinais do Pernambucano Sub-20.<\/span><\/p>\n<p style=\"text-align: justify;\">Agora definitivamente, Marc\u00e3o ser\u00e1 o respons\u00e1vel pelo futebol profissional e est\u00e1 montando o elenco que vai disputar o Pernambucano 2021.<\/p>\n<p>Por Warley Santos.<\/p>\n","protected":false},"excerpt":{"rendered":"<p>O Central Sport Club anunciou na noite desta ter\u00e7a-feira o seu t\u00e9cnico para o Pernambucano 2021. Trata-se de Nen\u00ea Vanucci,&hellip;<\/p>\n","protected":false},"author":1,"featured_media":65766,"comment_status":"open","ping_status":"open","sticky":false,"template":"","format":"standard","meta":{"footnotes":""},"categories":[14123],"tags":[2,19532,20594,2954,1950],"class_list":["post-65765","post","type-post","status-publish","format-standard","has-post-thumbnail","hentry","category-futebol","tag-blog-do-edvaldo-magalhaes","tag-blog-mais-acessado-e-visualizado-de-caruaru-e-regiao","tag-central-de-caruaru-anuncia-nome-do-tecnico-para-o-pernambucano-2021","tag-central-sport-club","tag-noticias-de-caruaru"],"_links":{"self":[{"href":"https:\/\/blogdoedvaldomagalhaes.com.br\/index.php\/wp-json\/wp\/v2\/posts\/65765","targetHints":{"allow":["GET"]}}],"collection":[{"href":"https:\/\/blogdoedvaldomagalhaes.com.br\/index.php\/wp-json\/wp\/v2\/posts"}],"about":[{"href":"https:\/\/blogdoedvaldomagalhaes.com.br\/index.php\/wp-json\/wp\/v2\/types\/post"}],"author":[{"embeddable":true,"href":"https:\/\/blogdoedvaldomagalhaes.com.br\/index.php\/wp-json\/wp\/v2\/users\/1"}],"replies":[{"embeddable":true,"href":"https:\/\/blogdoedvaldomagalhaes.com.br\/index.php\/wp-json\/wp\/v2\/comments?post=65765"}],"version-history":[{"count":5,"href":"https:\/\/blogdoedvaldomagalhaes.com.br\/index.php\/wp-json\/wp\/v2\/posts\/65765\/revisions"}],"predecessor-version":[{"id":65773,"href":"https:\/\/blogdoedvaldomagalhaes.com.br\/index.php\/wp-json\/wp\/v2\/posts\/65765\/revisions\/65773"}],"wp:featuredmedia":[{"embeddable":true,"href":"https:\/\/blogdoedvaldomagalhaes.com.br\/index.php\/wp-json\/wp\/v2\/media\/65766"}],"wp:attachment":[{"href":"https:\/\/blogdoedvaldomagalhaes.com.br\/index.php\/wp-json\/wp\/v2\/media?parent=65765"}],"wp:term":[{"taxonomy":"category","embeddable":true,"href":"https:\/\/blogdoedvaldomagalhaes.com.br\/index.php\/wp-json\/wp\/v2\/categories?post=65765"},{"taxonomy":"post_tag","embeddable":true,"href":"https:\/\/blogdoedvaldomagalhaes.com.br\/index.php\/wp-json\/wp\/v2\/tags?post=65765"}],"curies":[{"name":"wp","href":"https:\/\/api.w.org\/{rel}","templated":true}]}}