{"id":65748,"date":"2021-01-12T19:02:04","date_gmt":"2021-01-12T22:02:04","guid":{"rendered":"https:\/\/blogdoedvaldomagalhaes.com.br\/?p=65748"},"modified":"2021-01-12T19:02:06","modified_gmt":"2021-01-12T22:02:06","slug":"pm-e-pc-apreendem-drogas-armas-de-fogo-e-artefatos-explosivos-no-agreste-pe","status":"publish","type":"post","link":"https:\/\/blogdoedvaldomagalhaes.com.br\/index.php\/2021\/01\/12\/pm-e-pc-apreendem-drogas-armas-de-fogo-e-artefatos-explosivos-no-agreste-pe\/","title":{"rendered":"PM e PC apreendem drogas, armas de fogo e artefatos explosivos no Agreste-PE"},"content":{"rendered":"<p style=\"text-align: justify;\"><span style=\"font-size: inherit;\">Nesta ter\u00e7a-feira(12), uma opera\u00e7\u00e3o conjunta foi realizada entre a Pol\u00edcia Civil e Policiais Militares do 9\u00b0BPM com o intuito de combater homic\u00eddios e o tr\u00e1fico de entorpecentes, na cidade de Garanhuns.<\/span><\/p>\n<p style=\"text-align: justify;\">Ap\u00f3s um flagrante realizado nesta segunda(11), onde 40 kg de maconha foram apreendidos em uma resid\u00eancia, no bairro da Cohab 3, as equipes receberam informa\u00e7\u00f5es de que no dia de hoje(12), supostos integrantes do grupo criminoso retirariam outros entorpecentes da localidade.<\/p>\n<p style=\"text-align: justify;\">Deste modo, os efetivos realizaram campana e monitoraram a resid\u00eancia, quando visualizaram uma pessoa adentrando no local. Neste momento, os policiais realizaram a devida abordagem e constataram que tratava-se da namorada do autuado com os 40kg de maconha. Ao ser indagada do motivo da sua presen\u00e7a no local, ela informou que residia na casa e havia recebido ordem para ir retirar o restante dos materiais il\u00edcitos, relatando que seria armas, artefatos explosivos e drogas.<\/p>\n<p style=\"text-align: justify;\">Com isso, foi feita revista na resid\u00eancia, sendo constatado que os materiais estavam no telhado, entre o gesso e as telhas. Foram apreendidos no total: dois rev\u00f3lveres cal. 38, um simulacro de pistola, duas granadas, seis muni\u00e7\u00f5es de cal.38, 400g de maconha prensada e duas balan\u00e7as de precis\u00e3o.<\/p>\n<p style=\"text-align: justify;\">A ocorr\u00eancia foi encaminhada para a 8\u00b0 DENARC, em Garanhuns e suspeita ser\u00e1 apresentada na audi\u00eancia de cust\u00f3dia.<\/p>\n","protected":false},"excerpt":{"rendered":"<p>Nesta ter\u00e7a-feira(12), uma opera\u00e7\u00e3o conjunta foi realizada entre a Pol\u00edcia Civil e Policiais Militares do 9\u00b0BPM com o intuito de&hellip;<\/p>\n","protected":false},"author":1,"featured_media":65749,"comment_status":"open","ping_status":"open","sticky":false,"template":"","format":"standard","meta":{"footnotes":""},"categories":[14121],"tags":[2,19532,1479],"class_list":["post-65748","post","type-post","status-publish","format-standard","has-post-thumbnail","hentry","category-policial","tag-blog-do-edvaldo-magalhaes","tag-blog-mais-acessado-e-visualizado-de-caruaru-e-regiao","tag-noticias-policiais"],"_links":{"self":[{"href":"https:\/\/blogdoedvaldomagalhaes.com.br\/index.php\/wp-json\/wp\/v2\/posts\/65748","targetHints":{"allow":["GET"]}}],"collection":[{"href":"https:\/\/blogdoedvaldomagalhaes.com.br\/index.php\/wp-json\/wp\/v2\/posts"}],"about":[{"href":"https:\/\/blogdoedvaldomagalhaes.com.br\/index.php\/wp-json\/wp\/v2\/types\/post"}],"author":[{"embeddable":true,"href":"https:\/\/blogdoedvaldomagalhaes.com.br\/index.php\/wp-json\/wp\/v2\/users\/1"}],"replies":[{"embeddable":true,"href":"https:\/\/blogdoedvaldomagalhaes.com.br\/index.php\/wp-json\/wp\/v2\/comments?post=65748"}],"version-history":[{"count":1,"href":"https:\/\/blogdoedvaldomagalhaes.com.br\/index.php\/wp-json\/wp\/v2\/posts\/65748\/revisions"}],"predecessor-version":[{"id":65750,"href":"https:\/\/blogdoedvaldomagalhaes.com.br\/index.php\/wp-json\/wp\/v2\/posts\/65748\/revisions\/65750"}],"wp:featuredmedia":[{"embeddable":true,"href":"https:\/\/blogdoedvaldomagalhaes.com.br\/index.php\/wp-json\/wp\/v2\/media\/65749"}],"wp:attachment":[{"href":"https:\/\/blogdoedvaldomagalhaes.com.br\/index.php\/wp-json\/wp\/v2\/media?parent=65748"}],"wp:term":[{"taxonomy":"category","embeddable":true,"href":"https:\/\/blogdoedvaldomagalhaes.com.br\/index.php\/wp-json\/wp\/v2\/categories?post=65748"},{"taxonomy":"post_tag","embeddable":true,"href":"https:\/\/blogdoedvaldomagalhaes.com.br\/index.php\/wp-json\/wp\/v2\/tags?post=65748"}],"curies":[{"name":"wp","href":"https:\/\/api.w.org\/{rel}","templated":true}]}}