{"id":65742,"date":"2021-01-12T14:53:01","date_gmt":"2021-01-12T17:53:01","guid":{"rendered":"https:\/\/blogdoedvaldomagalhaes.com.br\/?p=65742"},"modified":"2021-01-12T15:06:43","modified_gmt":"2021-01-12T18:06:43","slug":"paulo-augusto-de-freitas-toma-posse-como-procurador-geral-de-justica-nesta-quarta-feira-14","status":"publish","type":"post","link":"https:\/\/blogdoedvaldomagalhaes.com.br\/index.php\/2021\/01\/12\/paulo-augusto-de-freitas-toma-posse-como-procurador-geral-de-justica-nesta-quarta-feira-14\/","title":{"rendered":"Paulo Augusto de Freitas toma posse como procurador-geral de Justi\u00e7a nesta quarta-feira (14)"},"content":{"rendered":"<p dir=\"ltr\" style=\"text-align: justify;\">Eleito no \u00faltimo 4 de janeiro e conduzido ao cargo pelo governador do Estado, Paulo C\u00e2mara, Paulo Augusto de Freitas, toma posse na tarde desta quinta-feira (14), \u00e0s 14h, no Col\u00e9gio de Procuradores do Minist\u00e9rio P\u00fablico de Pernambuco (CPJ-PE). Na ocasi\u00e3o ele assinar\u00e1 o termo de posse, prestando juramento solene aos membros do \u00f3rg\u00e3o colegiado. A sess\u00e3o solene ser\u00e1 realizada por meio de videoconfer\u00eancia e amplamente transmitida pelo canal do YouTube MPPE ao vivo, no endere\u00e7o eletr\u00f4nico <a href=\"http:\/\/bit.ly\/MPPEaovivo\" target=\"_blank\" rel=\"noopener noreferrer\" data-saferedirecturl=\"https:\/\/www.google.com\/url?q=http:\/\/bit.ly\/MPPEaovivo&amp;source=gmail&amp;ust=1610560845159000&amp;usg=AFQjCNFFqRsUn4zljkq-kgu1WZn87Q6dVQ\">http:\/\/bit.ly\/MPPEaovivo<\/a>.<\/p>\n<p dir=\"ltr\" style=\"text-align: justify;\">\u201cEsse \u00e9 o momento de muita gratid\u00e3o ao reconhecimento da classe \u00e0 um trabalho que vem sendo realizado em equipe ao longo dos \u00faltimos quatro anos. Quero dar continuidade ao trabalho que foi iniciado que \u00e9 a estrutura\u00e7\u00e3o dos nossos \u00f3rg\u00e3os de execu\u00e7\u00e3o da atividade fim, a consolida\u00e7\u00e3o do teletrabalho para membros junto ao Conselho Nacional de Procuradores-Gerais de Justi\u00e7a (CNPG) e junto ao pr\u00f3prio Conselho Nacional do Minist\u00e9rio P\u00fablico. Ampliando, ainda, o protagonismo do Minist\u00e9rio P\u00fablico na defesa da sociedade, sobretudo no momento em que estamos passando\u201d, disse o novo procurador-geral de Justi\u00e7a de Pernambuco, Paulo Augusto de Freitas.<\/p>\n<p dir=\"ltr\" style=\"text-align: justify;\">O novo chefe do MPPE foi o primeiro nome na lista tr\u00edplice apresentada ao governador do Estado ap\u00f3s o pleito interno realizado na institui\u00e7\u00e3o.<\/p>\n<p dir=\"ltr\" style=\"text-align: justify;\">EXPERI\u00caNCIA &#8211; Com 45 anos de idade, Paulo Augusto de Freitas Oliveira \u00e9 natural do Recife. Graduou-se em Direito pela Universidade Federal de Pernambuco (UFPE) no ano de 2001. \u00c9 especialista em Seguran\u00e7a P\u00fablica e Cidadania, pela Associa\u00e7\u00e3o Caruaruense de Ensino Superior (ASCES) e tamb\u00e9m tem MBA em Gest\u00e3o do Minist\u00e9rio P\u00fablico, pela Faculdade de Ci\u00eancias da Administra\u00e7\u00e3o de Pernambuco (FCAP\/UPE).<\/p>\n<p dir=\"ltr\" style=\"text-align: justify;\">Iniciou sua carreira no MPPE em 2005, inicialmente na Comarca de Floresta tendo, posteriormente, atua\u00e7\u00e3o (titular e exerc\u00edcio pleno), nas Promotorias de Bu\u00edque, Sanhar\u00f3, Belo Jardim, Arcoverde, Cachoeirinha, Taquaritinga do Norte e na Central de Inqu\u00e9ritos de Caruaru. Desde 2012 \u00e9 titular da 4\u00aa Promotoria de Defesa da Cidadania de Caruaru, com tutela da Sa\u00fade e do Consumidor.<\/p>\n<p dir=\"ltr\" style=\"text-align: justify;\">Como coordenador da 6\u00aa Circunscri\u00e7\u00e3o Ministerial de Caruaru, foi eleito e reeleito pelos seus pares, no per\u00edodo de 2012 a 2016. Foi o idealizador do Projeto Pacto dos Munic\u00edpios pela Seguran\u00e7a P\u00fablica, premiado pelo Conselho Nacional do Minist\u00e9rio P\u00fablico. Atuou como secret\u00e1rio do Col\u00e9gio de Procuradores de Justi\u00e7a (CPJ) a partir de 2017 at\u00e9 novembro de 2020 e, atualmente, exerce o cargo de chefe de Gabinete da Procuradoria-Geral de Justi\u00e7a de Pernambuco (desde 2017).<\/p>\n","protected":false},"excerpt":{"rendered":"<p>Eleito no \u00faltimo 4 de janeiro e conduzido ao cargo pelo governador do Estado, Paulo C\u00e2mara, Paulo Augusto de Freitas,&hellip;<\/p>\n","protected":false},"author":1,"featured_media":65744,"comment_status":"open","ping_status":"open","sticky":false,"template":"","format":"standard","meta":{"footnotes":""},"categories":[14120],"tags":[2,19532,3140,20590],"class_list":["post-65742","post","type-post","status-publish","format-standard","has-post-thumbnail","hentry","category-noticias","tag-blog-do-edvaldo-magalhaes","tag-blog-mais-acessado-e-visualizado-de-caruaru-e-regiao","tag-noticias-de-pernambuco","tag-paulo-augusto-de-freitas-toma-posse-como-procurador-geral-de-justica-nesta-quarta-feira-14"],"_links":{"self":[{"href":"https:\/\/blogdoedvaldomagalhaes.com.br\/index.php\/wp-json\/wp\/v2\/posts\/65742","targetHints":{"allow":["GET"]}}],"collection":[{"href":"https:\/\/blogdoedvaldomagalhaes.com.br\/index.php\/wp-json\/wp\/v2\/posts"}],"about":[{"href":"https:\/\/blogdoedvaldomagalhaes.com.br\/index.php\/wp-json\/wp\/v2\/types\/post"}],"author":[{"embeddable":true,"href":"https:\/\/blogdoedvaldomagalhaes.com.br\/index.php\/wp-json\/wp\/v2\/users\/1"}],"replies":[{"embeddable":true,"href":"https:\/\/blogdoedvaldomagalhaes.com.br\/index.php\/wp-json\/wp\/v2\/comments?post=65742"}],"version-history":[{"count":2,"href":"https:\/\/blogdoedvaldomagalhaes.com.br\/index.php\/wp-json\/wp\/v2\/posts\/65742\/revisions"}],"predecessor-version":[{"id":65747,"href":"https:\/\/blogdoedvaldomagalhaes.com.br\/index.php\/wp-json\/wp\/v2\/posts\/65742\/revisions\/65747"}],"wp:featuredmedia":[{"embeddable":true,"href":"https:\/\/blogdoedvaldomagalhaes.com.br\/index.php\/wp-json\/wp\/v2\/media\/65744"}],"wp:attachment":[{"href":"https:\/\/blogdoedvaldomagalhaes.com.br\/index.php\/wp-json\/wp\/v2\/media?parent=65742"}],"wp:term":[{"taxonomy":"category","embeddable":true,"href":"https:\/\/blogdoedvaldomagalhaes.com.br\/index.php\/wp-json\/wp\/v2\/categories?post=65742"},{"taxonomy":"post_tag","embeddable":true,"href":"https:\/\/blogdoedvaldomagalhaes.com.br\/index.php\/wp-json\/wp\/v2\/tags?post=65742"}],"curies":[{"name":"wp","href":"https:\/\/api.w.org\/{rel}","templated":true}]}}