{"id":6565,"date":"2017-03-10T13:34:00","date_gmt":"2017-03-10T16:34:00","guid":{"rendered":"http:\/\/blogdoedvaldomagalhaes.com.br\/index.php\/2017\/03\/10\/mais-um-homicidio-confirmado-em-caruaru\/"},"modified":"2019-02-09T01:19:45","modified_gmt":"2019-02-09T03:19:45","slug":"mais-um-homicidio-confirmado-em-caruaru","status":"publish","type":"post","link":"https:\/\/blogdoedvaldomagalhaes.com.br\/index.php\/2017\/03\/10\/mais-um-homicidio-confirmado-em-caruaru\/","title":{"rendered":"Mais um homic\u00eddio confirmado em Caruaru ex-presidi\u00e1rio falece no HRA"},"content":{"rendered":"<div class=\"separator\" style=\"clear: both; text-align: center;\">\n<a href=\"https:\/\/4.bp.blogspot.com\/-gQW7ARUUejE\/WMKrZL7hU3I\/AAAAAAAARRE\/lh2KCmOzhp02QlFx9Co3XlUD2mYDSXcPgCLcB\/s1600\/IMG-20170310-WA0017.jpg\" imageanchor=\"1\" style=\"margin-left: 1em; margin-right: 1em;\"><img loading=\"lazy\" decoding=\"async\" border=\"0\" height=\"320\" src=\"http:\/\/blogdoedvaldomagalhaes.com.br\/wp-content\/uploads\/2017\/03\/IMG-20170310-WA0017.jpg\" width=\"240\" \/><\/a><\/div>\n<div class=\"separator\" style=\"clear: both; text-align: center;\">\n<\/div>\n<div class=\"separator\" style=\"clear: both; text-align: justify;\">\nO ex-presidi\u00e1rio Rog\u00e9les Messias da Silva, conhecido por Roginho, de 23 anos, morava na 2\u00ba travessa Manoel Lopes, no bairro Vassoural, que levou cinco disparos de arma de fogo na noite dessa quinta-feira (09), na rua Miguel de Sena, no bairro Petr\u00f3polis, em Caruaru, morreu na madrugada desta sexta-feira &nbsp;(10), no Hospital Regional do Agreste (HRA).&nbsp;<\/div>\n<div class=\"separator\" style=\"clear: both; text-align: justify;\">\n<\/div>\n<div class=\"separator\" style=\"clear: both; text-align: justify;\">\nJ\u00e1 s\u00e3o 12 homic\u00eddios no m\u00eas de mar\u00e7o e 54 no ano em Caruaru.&nbsp;<\/div>\n<div class=\"separator\" style=\"clear: both; text-align: center;\">\n<a href=\"http:\/\/blogdoedvaldomagalhaes.com.br\/wp-content\/uploads\/2017\/03\/otica-1.jpg\" imageanchor=\"1\" style=\"clear: left; float: left; margin-bottom: 1em; margin-right: 1em;\"><img decoding=\"async\" border=\"0\" src=\"http:\/\/blogdoedvaldomagalhaes.com.br\/wp-content\/uploads\/2017\/03\/otica-1.jpg\" \/><\/a><\/div>\n","protected":false},"excerpt":{"rendered":"<p>O ex-presidi\u00e1rio Rog\u00e9les Messias da Silva, conhecido por Roginho, de 23 anos, morava na 2\u00ba travessa Manoel Lopes, no bairro&hellip;<\/p>\n","protected":false},"author":1,"featured_media":0,"comment_status":"open","ping_status":"open","sticky":false,"template":"","format":"standard","meta":{"footnotes":""},"categories":[1],"tags":[992,8902,13],"class_list":["post-6565","post","type-post","status-publish","format-standard","hentry","category-sem-categoria","tag-blog-do-edvaldo-do-magalhaes","tag-mais-um-homicidio-confirmado-em-caruaru-ex-presidiario-falece-no-hra","tag-policial"],"_links":{"self":[{"href":"https:\/\/blogdoedvaldomagalhaes.com.br\/index.php\/wp-json\/wp\/v2\/posts\/6565","targetHints":{"allow":["GET"]}}],"collection":[{"href":"https:\/\/blogdoedvaldomagalhaes.com.br\/index.php\/wp-json\/wp\/v2\/posts"}],"about":[{"href":"https:\/\/blogdoedvaldomagalhaes.com.br\/index.php\/wp-json\/wp\/v2\/types\/post"}],"author":[{"embeddable":true,"href":"https:\/\/blogdoedvaldomagalhaes.com.br\/index.php\/wp-json\/wp\/v2\/users\/1"}],"replies":[{"embeddable":true,"href":"https:\/\/blogdoedvaldomagalhaes.com.br\/index.php\/wp-json\/wp\/v2\/comments?post=6565"}],"version-history":[{"count":1,"href":"https:\/\/blogdoedvaldomagalhaes.com.br\/index.php\/wp-json\/wp\/v2\/posts\/6565\/revisions"}],"predecessor-version":[{"id":17634,"href":"https:\/\/blogdoedvaldomagalhaes.com.br\/index.php\/wp-json\/wp\/v2\/posts\/6565\/revisions\/17634"}],"wp:attachment":[{"href":"https:\/\/blogdoedvaldomagalhaes.com.br\/index.php\/wp-json\/wp\/v2\/media?parent=6565"}],"wp:term":[{"taxonomy":"category","embeddable":true,"href":"https:\/\/blogdoedvaldomagalhaes.com.br\/index.php\/wp-json\/wp\/v2\/categories?post=6565"},{"taxonomy":"post_tag","embeddable":true,"href":"https:\/\/blogdoedvaldomagalhaes.com.br\/index.php\/wp-json\/wp\/v2\/tags?post=6565"}],"curies":[{"name":"wp","href":"https:\/\/api.w.org\/{rel}","templated":true}]}}