{"id":6564,"date":"2017-03-10T15:51:00","date_gmt":"2017-03-10T18:51:00","guid":{"rendered":"http:\/\/blogdoedvaldomagalhaes.com.br\/index.php\/2017\/03\/10\/iml-caruaru-esta-em-reforma-e-corpos\/"},"modified":"2019-02-09T01:19:46","modified_gmt":"2019-02-09T03:19:46","slug":"iml-caruaru-esta-em-reforma-e-corpos","status":"publish","type":"post","link":"https:\/\/blogdoedvaldomagalhaes.com.br\/index.php\/2017\/03\/10\/iml-caruaru-esta-em-reforma-e-corpos\/","title":{"rendered":"IML Caruaru est\u00e1 em reforma e corpos s\u00e3o encaminhados para Recife"},"content":{"rendered":"<div style=\"background-color: white; border: 0px; margin-bottom: 1.5em; outline: 0px; padding: 0px; text-align: justify; vertical-align: baseline;\">\n<div class=\"separator\" style=\"clear: both; text-align: center;\">\n<a href=\"https:\/\/2.bp.blogspot.com\/--e4e816cNGw\/WMLLaWwl5vI\/AAAAAAAARRg\/k0oUqTYR6dgv7TcuUWBs4IYCMvjGbNVvgCLcB\/s1600\/iml.jpg\" imageanchor=\"1\" style=\"margin-left: 1em; margin-right: 1em;\"><img loading=\"lazy\" decoding=\"async\" border=\"0\" height=\"298\" src=\"http:\/\/blogdoedvaldomagalhaes.com.br\/wp-content\/uploads\/2017\/03\/iml.jpg\" width=\"400\" \/><\/a><\/div>\n<p>\nO Instituto de Medicina Legal (IML) de Caruaru informa que, a partir desta quinta-feira (9), inicia a reforma em sala de necropsia, que ter\u00e1 sua estrutura e equipamentos renovados. Enquanto houver a interven\u00e7\u00e3o, com conclus\u00e3o prevista para 12 dias, os exames tanatosc\u00f3picos (em mortos) ser\u00e3o realizados no Recife. J\u00e1 os exames em vivos, a exemplo do corpo de delito e o sexol\u00f3gico, continuam a ser feitos no local, onde foram instalados cont\u00eaineres adaptados pra essa fun\u00e7\u00e3o.<\/div>\n<div style=\"background-color: white; border: 0px; margin-bottom: 1.5em; outline: 0px; padding: 0px; text-align: justify; vertical-align: baseline;\">\n\u201cEstamos fazendo uma obra reduzindo ao m\u00e1ximo os transtornos \u00e0 popula\u00e7\u00e3o e sem paralisar a presta\u00e7\u00e3o de servi\u00e7o. Conseguimos reformar setores administrativos, alojamentos e sala de laudos sem alterar nossa grade de exames e per\u00edcias. Agora, chegou a momento de reformar a sala de necropsia, que precisa se adequar \u00e0s normas da Anvisa e trazer melhores condi\u00e7\u00f5es de trabalho para nossos profissionais. Continuamos fazendo os exames em vivos e montamos um esquema especial, com refor\u00e7o da frota, para agilizar o transporte e a libera\u00e7\u00e3o dos corpos para as fam\u00edlias\u201d, resume o gestor do IML de Caruaru, Marcos Gomes.<\/p>\n<div class=\"separator\" style=\"clear: both; text-align: center;\">\n<a href=\"http:\/\/blogdoedvaldomagalhaes.com.br\/wp-content\/uploads\/2017\/03\/5-Saga-8.jpg\" imageanchor=\"1\" style=\"clear: left; float: left; margin-bottom: 1em; margin-right: 1em;\"><img decoding=\"async\" border=\"0\" src=\"http:\/\/blogdoedvaldomagalhaes.com.br\/wp-content\/uploads\/2017\/03\/5-Saga-8.jpg\" \/><\/a><\/div>\n<\/div>\n","protected":false},"excerpt":{"rendered":"<p>O Instituto de Medicina Legal (IML) de Caruaru informa que, a partir desta quinta-feira (9), inicia a reforma em sala&hellip;<\/p>\n","protected":false},"author":1,"featured_media":0,"comment_status":"open","ping_status":"open","sticky":false,"template":"","format":"standard","meta":{"footnotes":""},"categories":[1],"tags":[992,8901,13],"class_list":["post-6564","post","type-post","status-publish","format-standard","hentry","category-sem-categoria","tag-blog-do-edvaldo-do-magalhaes","tag-iml-caruaru-esta-em-reforma-e-corpos-sao-encaminhados-para-recife","tag-policial"],"_links":{"self":[{"href":"https:\/\/blogdoedvaldomagalhaes.com.br\/index.php\/wp-json\/wp\/v2\/posts\/6564","targetHints":{"allow":["GET"]}}],"collection":[{"href":"https:\/\/blogdoedvaldomagalhaes.com.br\/index.php\/wp-json\/wp\/v2\/posts"}],"about":[{"href":"https:\/\/blogdoedvaldomagalhaes.com.br\/index.php\/wp-json\/wp\/v2\/types\/post"}],"author":[{"embeddable":true,"href":"https:\/\/blogdoedvaldomagalhaes.com.br\/index.php\/wp-json\/wp\/v2\/users\/1"}],"replies":[{"embeddable":true,"href":"https:\/\/blogdoedvaldomagalhaes.com.br\/index.php\/wp-json\/wp\/v2\/comments?post=6564"}],"version-history":[{"count":1,"href":"https:\/\/blogdoedvaldomagalhaes.com.br\/index.php\/wp-json\/wp\/v2\/posts\/6564\/revisions"}],"predecessor-version":[{"id":17640,"href":"https:\/\/blogdoedvaldomagalhaes.com.br\/index.php\/wp-json\/wp\/v2\/posts\/6564\/revisions\/17640"}],"wp:attachment":[{"href":"https:\/\/blogdoedvaldomagalhaes.com.br\/index.php\/wp-json\/wp\/v2\/media?parent=6564"}],"wp:term":[{"taxonomy":"category","embeddable":true,"href":"https:\/\/blogdoedvaldomagalhaes.com.br\/index.php\/wp-json\/wp\/v2\/categories?post=6564"},{"taxonomy":"post_tag","embeddable":true,"href":"https:\/\/blogdoedvaldomagalhaes.com.br\/index.php\/wp-json\/wp\/v2\/tags?post=6564"}],"curies":[{"name":"wp","href":"https:\/\/api.w.org\/{rel}","templated":true}]}}