{"id":6563,"date":"2017-03-10T15:51:00","date_gmt":"2017-03-10T18:51:00","guid":{"rendered":"http:\/\/blogdoedvaldomagalhaes.com.br\/index.php\/2017\/03\/10\/empresario-manoel-santos-assume\/"},"modified":"2019-02-09T01:19:46","modified_gmt":"2019-02-09T03:19:46","slug":"empresario-manoel-santos-assume","status":"publish","type":"post","link":"https:\/\/blogdoedvaldomagalhaes.com.br\/index.php\/2017\/03\/10\/empresario-manoel-santos-assume\/","title":{"rendered":"Empres\u00e1rio Manoel Santos assume a presid\u00eancia do Movimento Polo Caruaru"},"content":{"rendered":"<div style=\"background-color: white; border: 0px; margin-bottom: 1.5em; outline: 0px; padding: 0px; text-align: justify; vertical-align: baseline;\">\n<div class=\"separator\" style=\"clear: both; text-align: center;\">\n<a href=\"https:\/\/2.bp.blogspot.com\/-sbGDLWlz6zc\/WMLLl0z0jzI\/AAAAAAAARRk\/I2VWaHxvEYAaK0HdJW7RqotZbrG4Erj4wCLcB\/s1600\/acic.jpg\" imageanchor=\"1\" style=\"margin-left: 1em; margin-right: 1em;\"><img loading=\"lazy\" decoding=\"async\" border=\"0\" height=\"225\" src=\"http:\/\/blogdoedvaldomagalhaes.com.br\/wp-content\/uploads\/2017\/03\/acic.jpg\" width=\"400\" \/><\/a><\/div>\n<p>\nO empres\u00e1rio Manoel Santos, diretor financeiro do Sindicato dos Lojistas do Com\u00e9rcio do Caruaru (Sindloja), foi eleito por aclama\u00e7\u00e3o presidente do Movimento Polo Caruaru, na noite dessa quinta-feira (09), na sede da Associa\u00e7\u00e3o Comercial e Empresarial de Caruaru (Acic), para o bi\u00eanio 2017\/2018. Andrerson Porto (Fiepe) \u00e9 o 1\u00ba vice-presidente, Ricardo Montenegro (Acic) \u00e9 o 2\u00ba vice-presidente, o publicit\u00e1rio S\u00edlvio Nascimento (Rotary Caruaru Maur\u00edcio de Nassau) \u00e9 o 1\u00ba secret\u00e1rio, e M\u00e1rcio Porto (CDL) \u00e9 o 2\u00ba secret\u00e1rio.<\/div>\n<div style=\"background-color: white; border: 0px; margin-bottom: 1.5em; outline: 0px; padding: 0px; text-align: justify; vertical-align: baseline;\">\nEm seu discurso, Manoel destacou o momento como desafiador. \u201cSer\u00e1 um grande desafio presidir o Movimento Polo Caruaru, que agrega 27 entidades representativas de diversos segmentos, numa verdadeira reuni\u00e3o de grandes l\u00edderes. Somos um movimento pol\u00edtico apartid\u00e1rio que vai atuar com o poder p\u00fablico, junto com os poderes Executivo e Legislativo, para defender o setor produtivo e o desenvolvimento da cidade, porque eu acredito que a sociedade civil organizada pode contribuir com a gest\u00e3o p\u00fablica e o Movimento Polo \u00e9 um exemplo disso\u201d, explicou.<\/div>\n<div style=\"background-color: white; border: 0px; margin-bottom: 1.5em; outline: 0px; padding: 0px; text-align: justify; vertical-align: baseline;\">\nCriado h\u00e1 19 anos, o Movimento Polo Caruaru \u00e9 composto por l\u00edderes de entidades civis de diversos segmentos da sociedade, que, de forma volunt\u00e1ria, dialogam regularmente uma agenda propositiva direcionada para o desenvolvimento de Caruaru e regi\u00e3o Agreste. Demandas como o sistema Prata\/Camev\u00f4 e a Universidade de Pernambuco (UPE) foram conquistas conseguidas a partir do Movimento Polo Caruaru.<\/div>\n<div style=\"background-color: white; border: 0px; margin-bottom: 1.5em; outline: 0px; padding: 0px; text-align: justify; vertical-align: baseline;\">\nNos \u00faltimos cinco anos, o Movimento polo Caruaru foi presidido pelo diretor do conselho fiscal da Acic, Paulo Muniz.<\/div>\n<div style=\"background-color: white; border: 0px; margin-bottom: 1.5em; outline: 0px; padding: 0px; text-align: justify; vertical-align: baseline;\">\nA partir de agora, a sede do Movimento Polo Caruaru passa a funcionar no pr\u00e9dio do Sindloja Caruaru, localizado na Rua Le\u00e3o Dourado, 51, bairro S\u00e3o Francisco. O telefone para contato \u00e9 o (81) 3722-4070.<\/p>\n<p><\/p>\n<div class=\"separator\" style=\"clear: both; text-align: center;\">\n<a href=\"http:\/\/blogdoedvaldomagalhaes.com.br\/wp-content\/uploads\/2017\/03\/6-STR-8.jpg\" imageanchor=\"1\" style=\"clear: left; float: left; margin-bottom: 1em; margin-right: 1em;\"><img decoding=\"async\" border=\"0\" src=\"http:\/\/blogdoedvaldomagalhaes.com.br\/wp-content\/uploads\/2017\/03\/6-STR-8.jpg\" \/><\/a><\/div>\n<\/div>\n","protected":false},"excerpt":{"rendered":"<p>O empres\u00e1rio Manoel Santos, diretor financeiro do Sindicato dos Lojistas do Com\u00e9rcio do Caruaru (Sindloja), foi eleito por aclama\u00e7\u00e3o presidente&hellip;<\/p>\n","protected":false},"author":1,"featured_media":0,"comment_status":"open","ping_status":"open","sticky":false,"template":"","format":"standard","meta":{"footnotes":""},"categories":[1],"tags":[992,8900,6],"class_list":["post-6563","post","type-post","status-publish","format-standard","hentry","category-sem-categoria","tag-blog-do-edvaldo-do-magalhaes","tag-empresario-manoel-santos-assume-a-presidencia-do-movimento-polo-caruaru","tag-noticias"],"_links":{"self":[{"href":"https:\/\/blogdoedvaldomagalhaes.com.br\/index.php\/wp-json\/wp\/v2\/posts\/6563","targetHints":{"allow":["GET"]}}],"collection":[{"href":"https:\/\/blogdoedvaldomagalhaes.com.br\/index.php\/wp-json\/wp\/v2\/posts"}],"about":[{"href":"https:\/\/blogdoedvaldomagalhaes.com.br\/index.php\/wp-json\/wp\/v2\/types\/post"}],"author":[{"embeddable":true,"href":"https:\/\/blogdoedvaldomagalhaes.com.br\/index.php\/wp-json\/wp\/v2\/users\/1"}],"replies":[{"embeddable":true,"href":"https:\/\/blogdoedvaldomagalhaes.com.br\/index.php\/wp-json\/wp\/v2\/comments?post=6563"}],"version-history":[{"count":1,"href":"https:\/\/blogdoedvaldomagalhaes.com.br\/index.php\/wp-json\/wp\/v2\/posts\/6563\/revisions"}],"predecessor-version":[{"id":17637,"href":"https:\/\/blogdoedvaldomagalhaes.com.br\/index.php\/wp-json\/wp\/v2\/posts\/6563\/revisions\/17637"}],"wp:attachment":[{"href":"https:\/\/blogdoedvaldomagalhaes.com.br\/index.php\/wp-json\/wp\/v2\/media?parent=6563"}],"wp:term":[{"taxonomy":"category","embeddable":true,"href":"https:\/\/blogdoedvaldomagalhaes.com.br\/index.php\/wp-json\/wp\/v2\/categories?post=6563"},{"taxonomy":"post_tag","embeddable":true,"href":"https:\/\/blogdoedvaldomagalhaes.com.br\/index.php\/wp-json\/wp\/v2\/tags?post=6563"}],"curies":[{"name":"wp","href":"https:\/\/api.w.org\/{rel}","templated":true}]}}