{"id":6561,"date":"2017-03-10T21:30:00","date_gmt":"2017-03-11T00:30:00","guid":{"rendered":"http:\/\/blogdoedvaldomagalhaes.com.br\/index.php\/2017\/03\/10\/cordelista-nelson-lima-lanca-livro\/"},"modified":"2019-02-09T01:19:46","modified_gmt":"2019-02-09T03:19:46","slug":"cordelista-nelson-lima-lanca-livro","status":"publish","type":"post","link":"https:\/\/blogdoedvaldomagalhaes.com.br\/index.php\/2017\/03\/10\/cordelista-nelson-lima-lanca-livro\/","title":{"rendered":"Cordelista Nelson Lima lan\u00e7a livro neste s\u00e1bado (11)"},"content":{"rendered":"<div class=\"separator\" style=\"clear: both; text-align: center;\">\n<a href=\"https:\/\/1.bp.blogspot.com\/-H0lWhN05gak\/WMMagPi0TAI\/AAAAAAAARSw\/Tq8npR_XLVo42XcOrBygaOxXioQaQUmagCLcB\/s1600\/crodel.jpg\" imageanchor=\"1\" style=\"margin-left: 1em; margin-right: 1em;\"><img loading=\"lazy\" decoding=\"async\" border=\"0\" height=\"281\" src=\"http:\/\/blogdoedvaldomagalhaes.com.br\/wp-content\/uploads\/2017\/03\/crodel.jpg\" width=\"400\" \/><\/a><\/div>\n<div style=\"background-color: white; border: 0px; color: #4b4b4b; font-family: Helvetica, sans-serif; font-size: 16px; margin-bottom: 1.5em; outline: 0px; padding: 0px; vertical-align: baseline;\">\n<\/div>\n<div style=\"background-color: white; border: 0px; margin-bottom: 1.5em; outline: 0px; padding: 0px; text-align: justify; vertical-align: baseline;\">\n\u2018Minha Experi\u00eancia com Cordel em Sala de Aula\u2019. Este \u00e9 o t\u00edtulo do livro escrito pelo cordelista Nelson Lima. O pr\u00e9-lan\u00e7amento ocorrer\u00e1 neste s\u00e1bado (11), a partir das 11h, na sede da Academia Caruaruense de Literatura de Cordel (ACLC), localizada no Polo Cultural da Antiga Esta\u00e7\u00e3o Ferrovi\u00e1ria. A obra retrata a viv\u00eancia do poeta na condi\u00e7\u00e3o de arte-educador do Projeto Cordel nas Escolas, implementado em escolas da rede municipal de educa\u00e7\u00e3o de Caruaru. \u201cO livro serve para pesquisa, principalmente para aqueles que trabalham cordel nas escolas, al\u00e9m de servir de sugest\u00e3o de conte\u00fado e dados estat\u00edsticos\u201d, salienta Nelson Lima. Ademais, o livro \u00e9 ilustrado com fotos e desenhos gr\u00e1ficos.<\/div>\n<div style=\"background-color: white; border: 0px; margin-bottom: 1.5em; outline: 0px; padding: 0px; text-align: justify; vertical-align: baseline;\">\nNa ocasi\u00e3o, haver\u00e1 um recital. Poetas da estirpe de Nerisvaldo Alves, Wilson China, Dilma Fran\u00e7a, Cilene Santos, Paulo Pereira, Val Tabosa e Oleg\u00e1rio Filho estar\u00e3o presentes. A multiartista Jayane Santos tamb\u00e9m realizar\u00e1 uma performance. A programa\u00e7\u00e3o ainda contar\u00e1 com homenagens po\u00e9ticas \u00e0s mulheres.<\/div>\n<div class=\"separator\" style=\"clear: both; text-align: center;\">\n<a href=\"http:\/\/blogdoedvaldomagalhaes.com.br\/wp-content\/uploads\/2017\/03\/9-Liberdade-8.jpg\" imageanchor=\"1\" style=\"clear: left; float: left; margin-bottom: 1em; margin-right: 1em;\"><img decoding=\"async\" border=\"0\" src=\"http:\/\/blogdoedvaldomagalhaes.com.br\/wp-content\/uploads\/2017\/03\/9-Liberdade-8.jpg\" \/><\/a><\/div>\n<div style=\"background-color: white; border: 0px; margin-bottom: 1.5em; outline: 0px; padding: 0px; text-align: justify; vertical-align: baseline;\">\n<\/div>\n","protected":false},"excerpt":{"rendered":"<p>\u2018Minha Experi\u00eancia com Cordel em Sala de Aula\u2019. Este \u00e9 o t\u00edtulo do livro escrito pelo cordelista Nelson Lima. O&hellip;<\/p>\n","protected":false},"author":1,"featured_media":0,"comment_status":"open","ping_status":"open","sticky":false,"template":"","format":"standard","meta":{"footnotes":""},"categories":[1],"tags":[8896,992,8897,6,8898],"class_list":["post-6561","post","type-post","status-publish","format-standard","hentry","category-sem-categoria","tag-academia-caruaruense-de-literatura-de-cordel","tag-blog-do-edvaldo-do-magalhaes","tag-cordelista-nelson-lima-lanca-livro-neste-sabado-11","tag-noticias","tag-polo-cultural"],"_links":{"self":[{"href":"https:\/\/blogdoedvaldomagalhaes.com.br\/index.php\/wp-json\/wp\/v2\/posts\/6561","targetHints":{"allow":["GET"]}}],"collection":[{"href":"https:\/\/blogdoedvaldomagalhaes.com.br\/index.php\/wp-json\/wp\/v2\/posts"}],"about":[{"href":"https:\/\/blogdoedvaldomagalhaes.com.br\/index.php\/wp-json\/wp\/v2\/types\/post"}],"author":[{"embeddable":true,"href":"https:\/\/blogdoedvaldomagalhaes.com.br\/index.php\/wp-json\/wp\/v2\/users\/1"}],"replies":[{"embeddable":true,"href":"https:\/\/blogdoedvaldomagalhaes.com.br\/index.php\/wp-json\/wp\/v2\/comments?post=6561"}],"version-history":[{"count":1,"href":"https:\/\/blogdoedvaldomagalhaes.com.br\/index.php\/wp-json\/wp\/v2\/posts\/6561\/revisions"}],"predecessor-version":[{"id":17646,"href":"https:\/\/blogdoedvaldomagalhaes.com.br\/index.php\/wp-json\/wp\/v2\/posts\/6561\/revisions\/17646"}],"wp:attachment":[{"href":"https:\/\/blogdoedvaldomagalhaes.com.br\/index.php\/wp-json\/wp\/v2\/media?parent=6561"}],"wp:term":[{"taxonomy":"category","embeddable":true,"href":"https:\/\/blogdoedvaldomagalhaes.com.br\/index.php\/wp-json\/wp\/v2\/categories?post=6561"},{"taxonomy":"post_tag","embeddable":true,"href":"https:\/\/blogdoedvaldomagalhaes.com.br\/index.php\/wp-json\/wp\/v2\/tags?post=6561"}],"curies":[{"name":"wp","href":"https:\/\/api.w.org\/{rel}","templated":true}]}}