{"id":6556,"date":"2017-03-10T23:12:00","date_gmt":"2017-03-11T02:12:00","guid":{"rendered":"http:\/\/blogdoedvaldomagalhaes.com.br\/index.php\/2017\/03\/10\/segundo-homicidio-nesta-noite-de-sexta\/"},"modified":"2019-02-09T01:19:50","modified_gmt":"2019-02-09T03:19:50","slug":"segundo-homicidio-nesta-noite-de-sexta","status":"publish","type":"post","link":"https:\/\/blogdoedvaldomagalhaes.com.br\/index.php\/2017\/03\/10\/segundo-homicidio-nesta-noite-de-sexta\/","title":{"rendered":"Segundo homic\u00eddio nesta noite de sexta-feira em Caruaru"},"content":{"rendered":"<div class=\"separator\" style=\"clear: both; text-align: center;\">\n<\/div>\n<div class=\"separator\" style=\"clear: both; text-align: center;\">\n<a href=\"https:\/\/4.bp.blogspot.com\/-owHfwBuEuCg\/WMMyzH3bZ9I\/AAAAAAAARUg\/tFRzi2_7a4cpmSECFO06FJojFi2bF8jlgCLcB\/s1600\/crime%255B.jpg\" imageanchor=\"1\" style=\"margin-left: 1em; margin-right: 1em;\"><img loading=\"lazy\" decoding=\"async\" border=\"0\" height=\"400\" src=\"http:\/\/blogdoedvaldomagalhaes.com.br\/wp-content\/uploads\/2017\/03\/crime5B.jpg\" width=\"266\" \/><\/a><\/div>\n<div class=\"separator\" style=\"clear: both; text-align: center;\">\nFoto: Reprodu\u00e7\u00e3o\/WhatsApp<\/div>\n<div style=\"text-align: justify;\">\n<\/div>\n<div style=\"text-align: justify;\">\nO crime ocorreu na rua Estrada Lagoa de Pedra, no Loteamento Hosana, nesta noite de sexta-feira (10). A v\u00edtima foi Paulo Jos\u00e9 da Silva, de 30 anos de idade, deixou sete filhos, e foi morto dentro da pr\u00f3pria resid\u00eancia. Segundo informa\u00e7\u00f5es, uma filha da v\u00edtima de apenas 6 anos da idade, levou um tiro de rasp\u00e3o nas n\u00e1degas. Paulo era primo da v\u00edtima de assassinato da \u00faltima segunda-feira (06) na Feira do Gado, em Caruaru.&nbsp;<\/p>\n<p>Segundo informa\u00e7\u00f5es de populares, dois indiv\u00edduos desconhecidos em uma moto n\u00e3o caracterizada efetuaram os disparos de arma de fogo e em seguida fugiram em sentido ignorado. O IC realizou a per\u00edcia e relatou que os seis disparos foram todos nas costas. Familiares disseram que a v\u00edtima j\u00e1 foi presa, mas n\u00e3o disseram o motivo.<\/p>\n<div class=\"separator\" style=\"clear: both; text-align: center;\">\n<a href=\"https:\/\/1.bp.blogspot.com\/-LCZQQkZmZnI\/WMNT9uECgNI\/AAAAAAAARU4\/12ZiLdJ7uCUw3-_y7wEk_ICsZVJ4CvKZgCLcB\/s1600\/IMG-20170310-WA0147.jpg\" imageanchor=\"1\" style=\"margin-left: 1em; margin-right: 1em;\"><img loading=\"lazy\" decoding=\"async\" border=\"0\" height=\"400\" src=\"http:\/\/blogdoedvaldomagalhaes.com.br\/wp-content\/uploads\/2017\/03\/IMG-20170310-WA0147.jpg\" width=\"225\" \/><\/a><\/div>\n<p>\nSobe para 14 o n\u00famero de homic\u00eddios neste m\u00eas de mar\u00e7o e 56 no ano em Caruaru.<\/p>\n<p><\/p>\n<div class=\"separator\" style=\"clear: both; text-align: center;\">\n<a href=\"http:\/\/blogdoedvaldomagalhaes.com.br\/wp-content\/uploads\/2017\/03\/4-C393tica-7.jpg\" imageanchor=\"1\" style=\"clear: left; float: left; margin-bottom: 1em; margin-right: 1em;\"><img decoding=\"async\" border=\"0\" src=\"http:\/\/blogdoedvaldomagalhaes.com.br\/wp-content\/uploads\/2017\/03\/4-C393tica-7.jpg\" \/><\/a><\/div>\n<p><\/div>\n","protected":false},"excerpt":{"rendered":"<p>Foto: Reprodu\u00e7\u00e3o\/WhatsApp O crime ocorreu na rua Estrada Lagoa de Pedra, no Loteamento Hosana, nesta noite de sexta-feira (10). A&hellip;<\/p>\n","protected":false},"author":1,"featured_media":0,"comment_status":"open","ping_status":"open","sticky":false,"template":"","format":"standard","meta":{"footnotes":""},"categories":[1],"tags":[992,3232,2755,13,8886],"class_list":["post-6556","post","type-post","status-publish","format-standard","hentry","category-sem-categoria","tag-blog-do-edvaldo-do-magalhaes","tag-lagoa-de-pedra","tag-loteamento-hosana","tag-policial","tag-segundo-homicidio-nesta-noite-de-sexta-feira-em-caruaru"],"_links":{"self":[{"href":"https:\/\/blogdoedvaldomagalhaes.com.br\/index.php\/wp-json\/wp\/v2\/posts\/6556","targetHints":{"allow":["GET"]}}],"collection":[{"href":"https:\/\/blogdoedvaldomagalhaes.com.br\/index.php\/wp-json\/wp\/v2\/posts"}],"about":[{"href":"https:\/\/blogdoedvaldomagalhaes.com.br\/index.php\/wp-json\/wp\/v2\/types\/post"}],"author":[{"embeddable":true,"href":"https:\/\/blogdoedvaldomagalhaes.com.br\/index.php\/wp-json\/wp\/v2\/users\/1"}],"replies":[{"embeddable":true,"href":"https:\/\/blogdoedvaldomagalhaes.com.br\/index.php\/wp-json\/wp\/v2\/comments?post=6556"}],"version-history":[{"count":1,"href":"https:\/\/blogdoedvaldomagalhaes.com.br\/index.php\/wp-json\/wp\/v2\/posts\/6556\/revisions"}],"predecessor-version":[{"id":17662,"href":"https:\/\/blogdoedvaldomagalhaes.com.br\/index.php\/wp-json\/wp\/v2\/posts\/6556\/revisions\/17662"}],"wp:attachment":[{"href":"https:\/\/blogdoedvaldomagalhaes.com.br\/index.php\/wp-json\/wp\/v2\/media?parent=6556"}],"wp:term":[{"taxonomy":"category","embeddable":true,"href":"https:\/\/blogdoedvaldomagalhaes.com.br\/index.php\/wp-json\/wp\/v2\/categories?post=6556"},{"taxonomy":"post_tag","embeddable":true,"href":"https:\/\/blogdoedvaldomagalhaes.com.br\/index.php\/wp-json\/wp\/v2\/tags?post=6556"}],"curies":[{"name":"wp","href":"https:\/\/api.w.org\/{rel}","templated":true}]}}