{"id":6555,"date":"2017-03-11T14:21:00","date_gmt":"2017-03-11T17:21:00","guid":{"rendered":"http:\/\/blogdoedvaldomagalhaes.com.br\/index.php\/2017\/03\/11\/ressaca-do-carnaval-neste-domingo-e\/"},"modified":"2019-02-09T01:19:51","modified_gmt":"2019-02-09T03:19:51","slug":"ressaca-do-carnaval-neste-domingo-e","status":"publish","type":"post","link":"https:\/\/blogdoedvaldomagalhaes.com.br\/index.php\/2017\/03\/11\/ressaca-do-carnaval-neste-domingo-e\/","title":{"rendered":"&#8220;Ressaca do Carnaval&#8221; neste domingo em Caruaru tem mais atra\u00e7\u00f5es"},"content":{"rendered":"<div class=\"separator\" style=\"clear: both; text-align: center;\">\n<\/div>\n<div class=\"separator\" style=\"clear: both; text-align: center;\">\n<a href=\"http:\/\/blogdoedvaldomagalhaes.com.br\/wp-content\/uploads\/2017\/03\/marreta.jpg\" imageanchor=\"1\" style=\"margin-left: 1em; margin-right: 1em;\"><img decoding=\"async\" border=\"0\" src=\"http:\/\/blogdoedvaldomagalhaes.com.br\/wp-content\/uploads\/2017\/03\/marreta.jpg\" \/><\/a><\/div>\n<div class=\"MsoNormal\" style=\"background-color: white; line-height: 24px; margin-bottom: 0.0001pt; text-align: justify;\">\n<\/div>\n<div class=\"MsoNormal\" style=\"background-color: white; line-height: 24px; margin-bottom: 0.0001pt; text-align: justify;\">\nA \u201cRessaca do Carnaval\u201d, que acontece neste domingo (12), no bairro S\u00e3o Jo\u00e3o da Esc\u00f3cia, teve um acr\u00e9scimo na programa\u00e7\u00e3o. Al\u00e9m das bandas&nbsp;Marreta \u00e9 Massa&nbsp;e&nbsp;Afinasamba, o evento tamb\u00e9m contar\u00e1 com mais uma atra\u00e7\u00e3o:&nbsp;L\u00e9o Pacad\u00e3o. Os shows ter\u00e3o in\u00edcio \u00e0s 13h, na Academia da Cidade, e s\u00e3o gratuitos e abertos ao p\u00fablico.<u><\/u><u><\/u><\/div>\n<div class=\"MsoNormal\" style=\"background-color: white; line-height: 24px; margin-bottom: 0.0001pt; text-align: justify;\">\n<\/div>\n<div class=\"MsoNormal\" style=\"background-color: white; line-height: 24px; margin-bottom: 0.0001pt; text-align: justify;\">\nA Autarquia Municipal de Defesa Social, Tr\u00e2nsito e Transportes (Destra) foi acionada para o bloqueio da rua onde o trio el\u00e9trico permanecer\u00e1 parado, bem como organizar o tr\u00e1fego de ve\u00edculos no entorno. O Corpo de Bombeiros tamb\u00e9m far\u00e1 a inspe\u00e7\u00e3o das instala\u00e7\u00f5es, para garantir a seguran\u00e7a do p\u00fablico e dos profissionais que estar\u00e3o trabalhando.<u><\/u><u><\/u><\/div>\n<div class=\"MsoNormal\" style=\"background-color: white; line-height: 24px; margin-bottom: 0.0001pt; text-align: justify;\">\n<\/div>\n<div class=\"MsoNormal\" style=\"background-color: white; line-height: 24px; margin-bottom: 0.0001pt; text-align: justify;\">\nA Pol\u00edcia Militar (PM) confirmou a presen\u00e7a de homens no local, para garantir a seguran\u00e7a de quem estiver aproveitando a festa. Uma equipe de seguran\u00e7as particulares dar\u00e1 apoio ao trabalho da PM. \u201cTomamos as devidas iniciativas para garantir que a festa ocorra tranquilamente\u201d, informa \u00cdtalo Henrique, idealizador da festa.<u><\/u><u><\/u><\/div>\n<div class=\"MsoNormal\" style=\"background-color: white; line-height: 24px; margin-bottom: 0.0001pt; text-align: justify;\">\n<\/div>\n<div class=\"MsoNormal\" style=\"background-color: white; line-height: 24px; margin-bottom: 0.0001pt; text-align: justify;\">\nPara a estrutura, tamb\u00e9m est\u00e3o previstas baterias de banheiros qu\u00edmicos, que estar\u00e3o dispon\u00edveis para o p\u00fablico em pontos estrat\u00e9gicos; camarotes; e diferentes espa\u00e7os para a comercializa\u00e7\u00e3o de comidas e bebidas. Neste \u00faltimo caso, moradores da comunidade e do entorno foram mobilizados para vender seus produtos durante a realiza\u00e7\u00e3o do evento.<u><\/u><u><\/u><\/div>\n<div class=\"MsoNormal\" style=\"background-color: white; line-height: 24px; margin-bottom: 0.0001pt; text-align: justify;\">\n<\/div>\n<div class=\"MsoNormal\" style=\"background-color: white; line-height: 24px; margin-bottom: 0.0001pt; text-align: justify;\">\nA festa \u00e9 uma iniciativa particular de \u00cdtalo Henrique (recursos pr\u00f3prios). A estimativa \u00e9 que 50% dos custos sejam arcados pela iniciativa privada, no formato de incentivo \u00e0 festa.<\/p>\n<div class=\"separator\" style=\"clear: both; text-align: center;\">\n<\/div>\n<p><\/p>\n<div class=\"separator\" style=\"clear: both; text-align: center;\">\n<a href=\"http:\/\/blogdoedvaldomagalhaes.com.br\/wp-content\/uploads\/2017\/03\/saga.jpg\" imageanchor=\"1\" style=\"clear: left; float: left; margin-bottom: 1em; margin-right: 1em;\"><img decoding=\"async\" border=\"0\" src=\"http:\/\/blogdoedvaldomagalhaes.com.br\/wp-content\/uploads\/2017\/03\/saga.jpg\" \/><\/a><\/div>\n<p><\/div>\n","protected":false},"excerpt":{"rendered":"<p>A \u201cRessaca do Carnaval\u201d, que acontece neste domingo (12), no bairro S\u00e3o Jo\u00e3o da Esc\u00f3cia, teve um acr\u00e9scimo na programa\u00e7\u00e3o.&hellip;<\/p>\n","protected":false},"author":1,"featured_media":0,"comment_status":"open","ping_status":"open","sticky":false,"template":"","format":"standard","meta":{"footnotes":""},"categories":[1],"tags":[4692,992,6],"class_list":["post-6555","post","type-post","status-publish","format-standard","hentry","category-sem-categoria","tag-ressaca-do-carnaval-neste-domingo-em-caruaru-tem-mais-atracoes","tag-blog-do-edvaldo-do-magalhaes","tag-noticias"],"_links":{"self":[{"href":"https:\/\/blogdoedvaldomagalhaes.com.br\/index.php\/wp-json\/wp\/v2\/posts\/6555","targetHints":{"allow":["GET"]}}],"collection":[{"href":"https:\/\/blogdoedvaldomagalhaes.com.br\/index.php\/wp-json\/wp\/v2\/posts"}],"about":[{"href":"https:\/\/blogdoedvaldomagalhaes.com.br\/index.php\/wp-json\/wp\/v2\/types\/post"}],"author":[{"embeddable":true,"href":"https:\/\/blogdoedvaldomagalhaes.com.br\/index.php\/wp-json\/wp\/v2\/users\/1"}],"replies":[{"embeddable":true,"href":"https:\/\/blogdoedvaldomagalhaes.com.br\/index.php\/wp-json\/wp\/v2\/comments?post=6555"}],"version-history":[{"count":1,"href":"https:\/\/blogdoedvaldomagalhaes.com.br\/index.php\/wp-json\/wp\/v2\/posts\/6555\/revisions"}],"predecessor-version":[{"id":17665,"href":"https:\/\/blogdoedvaldomagalhaes.com.br\/index.php\/wp-json\/wp\/v2\/posts\/6555\/revisions\/17665"}],"wp:attachment":[{"href":"https:\/\/blogdoedvaldomagalhaes.com.br\/index.php\/wp-json\/wp\/v2\/media?parent=6555"}],"wp:term":[{"taxonomy":"category","embeddable":true,"href":"https:\/\/blogdoedvaldomagalhaes.com.br\/index.php\/wp-json\/wp\/v2\/categories?post=6555"},{"taxonomy":"post_tag","embeddable":true,"href":"https:\/\/blogdoedvaldomagalhaes.com.br\/index.php\/wp-json\/wp\/v2\/tags?post=6555"}],"curies":[{"name":"wp","href":"https:\/\/api.w.org\/{rel}","templated":true}]}}