{"id":6554,"date":"2017-03-11T15:28:00","date_gmt":"2017-03-11T18:28:00","guid":{"rendered":"http:\/\/blogdoedvaldomagalhaes.com.br\/index.php\/2017\/03\/11\/racha-noturno-acontece-neste-sabado-no\/"},"modified":"2019-02-09T01:19:51","modified_gmt":"2019-02-09T03:19:51","slug":"racha-noturno-acontece-neste-sabado-no","status":"publish","type":"post","link":"https:\/\/blogdoedvaldomagalhaes.com.br\/index.php\/2017\/03\/11\/racha-noturno-acontece-neste-sabado-no\/","title":{"rendered":"Racha Noturno acontece neste s\u00e1bado no Aut\u00f3dromo Ayrton Senna de Caruaru"},"content":{"rendered":"<div class=\"separator\" style=\"clear: both; text-align: center;\">\n<a href=\"https:\/\/4.bp.blogspot.com\/-Zem83tU67Zc\/WMQW4I6FDnI\/AAAAAAAARV0\/falT9tfQSioAW1HYI108NaCtsCjULnuEACLcB\/s1600\/fto.jpg\" imageanchor=\"1\" style=\"margin-left: 1em; margin-right: 1em;\"><img loading=\"lazy\" decoding=\"async\" border=\"0\" height=\"265\" src=\"http:\/\/blogdoedvaldomagalhaes.com.br\/wp-content\/uploads\/2017\/03\/fto.jpg\" width=\"400\" \/><\/a><\/div>\n<div class=\"MsoNormal\" style=\"line-height: 18.4px; text-align: justify;\">\n<\/div>\n<div class=\"MsoNormal\" style=\"line-height: 18.4px; text-align: center;\">\nFotos: Divulga\u00e7\u00e3o Garagem 83<\/div>\n<div class=\"MsoNormal\" style=\"line-height: 115%; text-align: center;\">\n<\/div>\n<div class=\"MsoNormal\" style=\"line-height: 115%; mso-margin-bottom-alt: auto; mso-margin-top-alt: auto; text-align: justify;\">\nO Aut\u00f3dromo Ayrton Senna de Caruaru recebe na noite<br \/>\ndeste s\u00e1bado (11) o evento automobil\u00edstico Desafio 83 Racha Noturno. Mais de 80<br \/>\ncompetidores de todo o Nordeste ir\u00e3o disputar em sete categorias pilotando<br \/>\ncarros de passeio com motores turbinados, que v\u00e3o desde os \u201coriginais\u201d at\u00e9 os<br \/>\n\u201cpreparados\u201d. A arrancada noturna ter\u00e1 um percurso de 201 metros com o grid de<br \/>\nlargada das primeiras disputas \u00e0s 20h e previs\u00e3o do primeiro lugar chegar ao<br \/>\np\u00f3dio \u00e0s 00h. A premia\u00e7\u00e3o para o campe\u00e3o da noite \u00e9 de R$ 500. <\/div>\n<div class=\"MsoNormal\" style=\"line-height: 115%; mso-margin-bottom-alt: auto; mso-margin-top-alt: auto; text-align: justify;\">\n<\/div>\n<div class=\"MsoNormal\" style=\"line-height: 115%; mso-margin-bottom-alt: auto; mso-margin-top-alt: auto; text-align: justify;\">\nEsta arrancada noturna ter\u00e1 o percurso de 201<br \/>\nmetros, onde ser\u00e3o definidos os competidores para a disputa final atrav\u00e9s de<br \/>\nv\u00e1rias competi\u00e7\u00f5es eliminat\u00f3rias que v\u00e3o acontecer durante toda a noite. Os<br \/>\ntreinos se iniciam \u00e0s 16h para reconhecimento da pista. Os ingressos custam R$<br \/>\n20 e est\u00e3o \u00e0 venda na bilheteria \u201cB\u201d. O bilhete d\u00e1 direito ao p\u00fablico ter<br \/>\nacesso aos boxes e paddock. Para os pilotos a taxa de inscri\u00e7\u00e3o \u00e9 de R$ 120 e \u00e9<br \/>\nexigido ter, al\u00e9m do carro \u201cturbinado\u201d, CNH e fazer uso dos equipamentos de<br \/>\nseguran\u00e7a.<\/div>\n<div class=\"MsoNormal\" style=\"line-height: 115%; mso-margin-bottom-alt: auto; mso-margin-top-alt: auto; text-align: justify;\">\n&nbsp;&nbsp;&nbsp;&nbsp;&nbsp;&nbsp;&nbsp;&nbsp;&nbsp;&nbsp;&nbsp;&nbsp;&nbsp;&nbsp;&nbsp;&nbsp;&nbsp;&nbsp;&nbsp;&nbsp;&nbsp;\n<\/div>\n<div class=\"MsoNormal\" style=\"line-height: 115%; mso-margin-bottom-alt: auto; mso-margin-top-alt: auto; text-align: justify;\">\nA competi\u00e7\u00e3o ir\u00e1 reunir pilotos de todas as etapas<br \/>\ndo circuito de diversos estados do Nordeste como Rio Grande do Norte, Para\u00edba,<br \/>\nPernambuco, Bahia, Alagoas e Sergipe. O evento conta com toda a estrutura<br \/>\nnecess\u00e1ria para receber os competidores e acomodar o p\u00fablico com lanchonete,<br \/>\nseguran\u00e7a, ambul\u00e2ncia UTI. Quem realiza \u00e9 a empresa Garagem 83 que promove a<br \/>\netapa Caruaru desde 2012.<\/p>\n<p><\/p>\n<div class=\"separator\" style=\"clear: both; text-align: center;\">\n<a href=\"http:\/\/blogdoedvaldomagalhaes.com.br\/wp-content\/uploads\/2017\/03\/6-STR-9.jpg\" imageanchor=\"1\" style=\"clear: left; float: left; margin-bottom: 1em; margin-right: 1em;\"><img decoding=\"async\" border=\"0\" src=\"http:\/\/blogdoedvaldomagalhaes.com.br\/wp-content\/uploads\/2017\/03\/6-STR-9.jpg\" \/><\/a><\/div>\n<p><\/div>\n","protected":false},"excerpt":{"rendered":"<p>Fotos: Divulga\u00e7\u00e3o Garagem 83 O Aut\u00f3dromo Ayrton Senna de Caruaru recebe na noite deste s\u00e1bado (11) o evento automobil\u00edstico Desafio&hellip;<\/p>\n","protected":false},"author":1,"featured_media":0,"comment_status":"open","ping_status":"open","sticky":false,"template":"","format":"standard","meta":{"footnotes":""},"categories":[1],"tags":[992,8884,6,8885],"class_list":["post-6554","post","type-post","status-publish","format-standard","hentry","category-sem-categoria","tag-blog-do-edvaldo-do-magalhaes","tag-garagem-83","tag-noticias","tag-racha-noturno-acontece-neste-sabado-no-autodromo-ayrton-senna-de-caruaru"],"_links":{"self":[{"href":"https:\/\/blogdoedvaldomagalhaes.com.br\/index.php\/wp-json\/wp\/v2\/posts\/6554","targetHints":{"allow":["GET"]}}],"collection":[{"href":"https:\/\/blogdoedvaldomagalhaes.com.br\/index.php\/wp-json\/wp\/v2\/posts"}],"about":[{"href":"https:\/\/blogdoedvaldomagalhaes.com.br\/index.php\/wp-json\/wp\/v2\/types\/post"}],"author":[{"embeddable":true,"href":"https:\/\/blogdoedvaldomagalhaes.com.br\/index.php\/wp-json\/wp\/v2\/users\/1"}],"replies":[{"embeddable":true,"href":"https:\/\/blogdoedvaldomagalhaes.com.br\/index.php\/wp-json\/wp\/v2\/comments?post=6554"}],"version-history":[{"count":1,"href":"https:\/\/blogdoedvaldomagalhaes.com.br\/index.php\/wp-json\/wp\/v2\/posts\/6554\/revisions"}],"predecessor-version":[{"id":17668,"href":"https:\/\/blogdoedvaldomagalhaes.com.br\/index.php\/wp-json\/wp\/v2\/posts\/6554\/revisions\/17668"}],"wp:attachment":[{"href":"https:\/\/blogdoedvaldomagalhaes.com.br\/index.php\/wp-json\/wp\/v2\/media?parent=6554"}],"wp:term":[{"taxonomy":"category","embeddable":true,"href":"https:\/\/blogdoedvaldomagalhaes.com.br\/index.php\/wp-json\/wp\/v2\/categories?post=6554"},{"taxonomy":"post_tag","embeddable":true,"href":"https:\/\/blogdoedvaldomagalhaes.com.br\/index.php\/wp-json\/wp\/v2\/tags?post=6554"}],"curies":[{"name":"wp","href":"https:\/\/api.w.org\/{rel}","templated":true}]}}