{"id":65403,"date":"2021-01-04T12:26:10","date_gmt":"2021-01-04T15:26:10","guid":{"rendered":"https:\/\/blogdoedvaldomagalhaes.com.br\/?p=65403"},"modified":"2021-01-04T12:26:13","modified_gmt":"2021-01-04T15:26:13","slug":"prefeito-gilvandro-estrela-empossa-novo-secretariado-em-belo-jardim","status":"publish","type":"post","link":"https:\/\/blogdoedvaldomagalhaes.com.br\/index.php\/2021\/01\/04\/prefeito-gilvandro-estrela-empossa-novo-secretariado-em-belo-jardim\/","title":{"rendered":"Prefeito Gilvandro Estrela empossa novo secretariado em Belo Jardim"},"content":{"rendered":"<p style=\"text-align: justify;\"><span style=\"font-size: inherit;\">O prefeito Gilvandro Estrela assinou, na C\u00e2mara de Vereadores de Belo Jardim, o ato de posse dos secret\u00e1rios e gestores de autarquias que v\u00e3o compor o seu governo, na manh\u00e3 desta segunda-feira (4). A equipe de confian\u00e7a do gestor \u00e9 formada por profissionais experientes e gabaritados que foram escolhidos a partir de uma avalia\u00e7\u00e3o criteriosa do prefeito.<\/span><\/p>\n<p style=\"text-align: justify;\">Em seu discurso, o prefeito pediu total empenho de todos. &#8220;Voc\u00eas v\u00e3o ter carta branca comigo. A autoridade \u00e9 do secret\u00e1rio e da secret\u00e1ria. Vamos trabalhar com os p\u00e9s no ch\u00e3o, n\u00e3o tem padrinho, n\u00e3o tem apadrinhamento. Vamos fazer a coisa diferente, o povo n\u00e3o aguenta mais tanta indiferen\u00e7a, tanto descaso&#8221;, afirmou.<\/p>\n<p style=\"text-align: justify;\">A solenidade de posse contou com a presen\u00e7a do prefeito, do vice, dos novos secret\u00e1rios municipais e gestores de autarquias, al\u00e9m de vereadores e equipes de imprensa.<\/p>\n<p style=\"text-align: justify;\">A secret\u00e1ria de Cultura, Turismo e Empreendedorismo tomar\u00e1 posse na pr\u00f3xima quarta-feira (06). J\u00e1 os nomes que ir\u00e3o ocupar a chefia de gabinete e a Secretaria de Projetos Especiais ainda est\u00e3o processo de defini\u00e7\u00e3o e devem ser oficializados em breve.<\/p>\n<p style=\"text-align: justify;\">Confira a lista com os nomes do novo secretariado:<\/p>\n<p style=\"text-align: justify;\">Secretaria de Educa\u00e7\u00e3o, Tecnologia e Esportes \u2013 Martha de Medeiros Correia\u2013 Professora e pedagoga, h\u00e1 30 anos atua na educa\u00e7\u00e3o, foi secret\u00e1ria e gerente de educa\u00e7\u00e3o em Caruaru;<\/p>\n<p style=\"text-align: justify;\">Secretaria de Sa\u00fade \u2013 Aline Cordeiro Cavalcanti\u00ad\u2013 Formada em enfermagem, colaborou para diversas cidades circunvizinhas, uma delas, sendo secret\u00e1ria de sa\u00fade de S\u00e3o Bento do Una, e tamb\u00e9m atuou pelo governo de Pernambuco.<\/p>\n<p style=\"text-align: justify;\">Secretaria de Agricultura e Meio Ambiente \u2013 Francisco das Chagas Lino Lopes\u2013 Ex-diretor do IFPE Campus Belo Jardim, tem forma\u00e7\u00e3o em biologia e mestrado em Engenharia Agr\u00edcola;<\/p>\n<p style=\"text-align: justify;\">Secretaria Especial da Mulher \u2013 Carmem Aparecida Guimar\u00e3es Peixoto\u00ad\u2013 Servidora p\u00fablica na FBJ, tem experi\u00eancia na \u00e1rea de Gest\u00e3o em \u00eanfase em Administra\u00e7\u00e3o de Unidades Educativas;<\/p>\n<p style=\"text-align: justify;\">Secretaria de Assist\u00eancia Social \u2013 Geraldo de Magela Silva\u2013 Formado em hist\u00f3ria e teologia, atuou como diretor de escolas e na presid\u00eancia da Associa\u00e7\u00e3o dos Col\u00e9gios Diocesanos do Nordeste;<\/p>\n<p style=\"text-align: justify;\">Secretaria de Infraestrutura e Urbanismo \u2013 Valdomiro Ten\u00f3rio\u2013 Engenheiro pela UFPE, j\u00e1 foi secret\u00e1rio da pasta, em duas outras oportunidades;<\/p>\n<p style=\"text-align: justify;\">Secretaria de Cultura, Turismo e Empreendedorismo \u2013 Maria Candida Moreira do Nascimento\u2013 Formada em Ci\u00eancias Agr\u00edcolas, Analista de projetos SEBRAE\/PE;<\/p>\n<p style=\"text-align: justify;\">Controladoria Geral do Munic\u00edpio \u2013 Severino Ant\u00f4nio\u2013 T\u00eam p\u00f3s-gradua\u00e7\u00e3o em contabilidade e controladoria, \u00e9 auditor aposentado do Tribunal de Contas do Estado de Pernambuco (TCE);<\/p>\n<p style=\"text-align: justify;\">Gest\u00e3o P\u00fablica \u2013 La\u00e9rcio Roberto Lemos de Souza\u2013 Administrador por forma\u00e7\u00e3o, foi superintendente da Caixa Econ\u00f4mica Federal em Pernambuco, Alagoas, Para\u00edba e Bras\u00edlia;<\/p>\n<p style=\"text-align: justify;\">Secretaria de Juventude \u2013 Let\u00edcia Maria da Silva Ara\u00fajo Severo\u2013 Ex-miss Belo Jardim, graduanda em direito;<\/p>\n<p style=\"text-align: justify;\">Secretaria de Planejamento \u2013 Filipe Vieira\u2013 Graduado em gest\u00e3o p\u00fablica, foi assistente legislativo, tesoureiro e coordenador de Controle Interno do Poder Legislativo Municipal;<\/p>\n<p style=\"text-align: justify;\">Autarquia Educacional de Belo Jardim (AEB) \u2013 Merc\u00eas Costa\u2013 Professora e Presidente do Sindicato dos Trabalhadores do Ensino Superior de Belo Jardim.<\/p>\n<p style=\"text-align: justify;\">Governo e Articula\u00e7\u00e3o Pol\u00edtica \u2013 Joedna Souza Santos\u2013 Formada em matem\u00e1tica e administra\u00e7\u00e3o, tem servi\u00e7os prestados na cidade como secretaria de Obras em 2010 e 2012;<\/p>\n<p style=\"text-align: justify;\">Autarquia de Tr\u00e2nsito \u2013 Coronel Souza\u2013 P\u00f3s-graduado em seguran\u00e7a p\u00fablica, \u00e9 Coronel reformado da Pol\u00edcia Militar de Pernambuco;<\/p>\n<p style=\"text-align: justify;\">Belo Jardim Prev \u2013 Adelmo Monteiro\u2013 Matem\u00e1tico, graduando ci\u00eancias cont\u00e1beis, por 18 anos prestou servi\u00e7o ao poder legislativo.<\/p>\n","protected":false},"excerpt":{"rendered":"<p>O prefeito Gilvandro Estrela assinou, na C\u00e2mara de Vereadores de Belo Jardim, o ato de posse dos secret\u00e1rios e gestores&hellip;<\/p>\n","protected":false},"author":1,"featured_media":65404,"comment_status":"open","ping_status":"open","sticky":false,"template":"","format":"standard","meta":{"footnotes":""},"categories":[14122],"tags":[2,19418,20,20527],"class_list":["post-65403","post","type-post","status-publish","format-standard","has-post-thumbnail","hentry","category-politica","tag-blog-do-edvaldo-magalhaes","tag-blog-mais-acessado-de-caruaru-e-regiao","tag-politica","tag-prefeito-gilvandro-estrela-empossa-novo-secretariado-em-belo-jardim"],"_links":{"self":[{"href":"https:\/\/blogdoedvaldomagalhaes.com.br\/index.php\/wp-json\/wp\/v2\/posts\/65403","targetHints":{"allow":["GET"]}}],"collection":[{"href":"https:\/\/blogdoedvaldomagalhaes.com.br\/index.php\/wp-json\/wp\/v2\/posts"}],"about":[{"href":"https:\/\/blogdoedvaldomagalhaes.com.br\/index.php\/wp-json\/wp\/v2\/types\/post"}],"author":[{"embeddable":true,"href":"https:\/\/blogdoedvaldomagalhaes.com.br\/index.php\/wp-json\/wp\/v2\/users\/1"}],"replies":[{"embeddable":true,"href":"https:\/\/blogdoedvaldomagalhaes.com.br\/index.php\/wp-json\/wp\/v2\/comments?post=65403"}],"version-history":[{"count":1,"href":"https:\/\/blogdoedvaldomagalhaes.com.br\/index.php\/wp-json\/wp\/v2\/posts\/65403\/revisions"}],"predecessor-version":[{"id":65405,"href":"https:\/\/blogdoedvaldomagalhaes.com.br\/index.php\/wp-json\/wp\/v2\/posts\/65403\/revisions\/65405"}],"wp:featuredmedia":[{"embeddable":true,"href":"https:\/\/blogdoedvaldomagalhaes.com.br\/index.php\/wp-json\/wp\/v2\/media\/65404"}],"wp:attachment":[{"href":"https:\/\/blogdoedvaldomagalhaes.com.br\/index.php\/wp-json\/wp\/v2\/media?parent=65403"}],"wp:term":[{"taxonomy":"category","embeddable":true,"href":"https:\/\/blogdoedvaldomagalhaes.com.br\/index.php\/wp-json\/wp\/v2\/categories?post=65403"},{"taxonomy":"post_tag","embeddable":true,"href":"https:\/\/blogdoedvaldomagalhaes.com.br\/index.php\/wp-json\/wp\/v2\/tags?post=65403"}],"curies":[{"name":"wp","href":"https:\/\/api.w.org\/{rel}","templated":true}]}}