{"id":65374,"date":"2021-01-03T21:59:49","date_gmt":"2021-01-04T00:59:49","guid":{"rendered":"https:\/\/blogdoedvaldomagalhaes.com.br\/?p=65374"},"modified":"2021-01-03T23:40:49","modified_gmt":"2021-01-04T02:40:49","slug":"prefeitura-de-caruaru-exonera-servidores-comissionados-e-rescinde-contratos-temporarios","status":"publish","type":"post","link":"https:\/\/blogdoedvaldomagalhaes.com.br\/index.php\/2021\/01\/03\/prefeitura-de-caruaru-exonera-servidores-comissionados-e-rescinde-contratos-temporarios\/","title":{"rendered":"Prefeitura de Caruaru exonera servidores comissionados e rescinde contratos tempor\u00e1rios"},"content":{"rendered":"<p style=\"text-align: justify;\">A prefeita de Caruaru, Raquel Lyra (PSDB), publicou no Di\u00e1rio Oficial desse s\u00e1bado (02), 644 exonera\u00e7\u00f5es. Ficam exonerados todos os ocupantes de cargos de provimento em comiss\u00e3o da administra\u00e7\u00e3o direta, indireta e fundacional do Munic\u00edpio de Caruaru.<\/p>\n<p style=\"text-align: justify;\">Ficam rescindidos todos os contratos tempor\u00e1rios para o atendimento do excepcional interesse p\u00fablico da administra\u00e7\u00e3o direta, indireta e fundacional do Munic\u00edpio de Caruaru, que n\u00e3o foram contratados por meio de processo de sele\u00e7\u00e3o p\u00fablica de pessoal.<\/p>\n<p style=\"text-align: justify;\">Publicadas nomea\u00e7\u00f5es no Di\u00e1rio Oficial de Caruaru, com efeitos a partir de 02 de janeiro de 2021. Confira:<\/p>\n<p style=\"text-align: justify;\">Designado EDUARDO VIEIRA DE SOUZA, para responder pelo cargo em comiss\u00e3o de Chefia de Gabinete 1 \u2013 CCCA-4, do Gabinete da Prefeita. Ele tamb\u00e9m foi nomeado para o cargo em comiss\u00e3o de Secret\u00e1rio \u2013 CCCA-1, da Secretaria de Governo.<\/p>\n<p style=\"text-align: justify;\">Nomeado HELDER BRENO FEITOZA, para o cargo em comiss\u00e3o de Secret\u00e1rio &#8211; CCCA-1, da Secretaria de Sa\u00fade.<\/p>\n<p style=\"text-align: justify;\">Nomeada RAQUEL DA SILVA DE OLIVEIRA, para o cargo em comiss\u00e3o de Secret\u00e1rio &#8211; CCCA-1, da Secretaria de Educa\u00e7\u00e3o<br \/>\ne Esportes.<\/p>\n<p style=\"text-align: justify;\">Nomeado ANDRE LUIS FERRER TEIXEIRA FILHO, para o cargo em comiss\u00e3o de Secret\u00e1rio &#8211; CCCA &#8211; 1, da Secretaria de Desenvolvimento Econ\u00f4mico, Turismo e Economia Criativa.<\/p>\n<p style=\"text-align: justify;\">Nomeado CARLOS EDUARDO BRAGA FARIAS, para o cargo em comiss\u00e3o de Secret\u00e1rio &#8211; CCCA-1, da Secretaria de Desenvolvimento Social e Direitos Humanos.<\/p>\n<p style=\"text-align: justify;\">Nomeado BRUNO DE FRAN\u00c7A BEZERRA DOS SANTOS, para o cargo em comiss\u00e3o de Secret\u00e1rio &#8211; CCCA-1, da Secretaria de Desenvolvimento Rural,<\/p>\n<p style=\"text-align: justify;\">Nomeada ANDR\u00c9A RIBEIRO LIMA, para o<br \/>\ncargo em comiss\u00e3o de Controlador Geral do Munic\u00edpio \u2013 CCCA-02, da Controladoria Geral do Munic\u00edpio.<\/p>\n<p style=\"text-align: justify;\">Nomea1da ANA MARA\u00cdZA DE SOUSA SILVA, para o cargo em comiss\u00e3o de Secret\u00e1rio \u2013 CCCA-1, da Secretaria de<br \/>\nAdministra\u00e7\u00e3o.<\/p>\n<p style=\"text-align: justify;\">Nomeado TULIO FREDERICO TENORIO VILACA RODRIGUES, para o cargo em comiss\u00e3o de Secret\u00e1rio &#8211; CCCA-1, da Secretaria da Fazenda.<\/p>\n<p style=\"text-align: justify;\">Nomeada SWAMI SOARES DE LIMA,\u00a0para o<br \/>\ncargo em comiss\u00e3o de Secret\u00e1rio &#8211; CCCA-1, da Secretaria de Planejamento, Or\u00e7amento e Gest\u00e3o.<\/p>\n<p style=\"text-align: justify;\">Nomeado RODRIGO MIRANDA TABOSA DE ASSIS, para o cargo em comiss\u00e3o de Secret\u00e1rio \u2013 CCCA-1, da Secretaria de Infraestrutura Urbana e Obras.<\/p>\n<p style=\"text-align: justify;\">Nomeado JO\u00c3O PATR\u00cdCIO DA SILVA FILHO, para o cargo em comiss\u00e3o de Secret\u00e1rio \u2013 CCCA-1, da Secretaria de Ordem P\u00fablica.<\/p>\n<p style=\"text-align: justify;\">Nomeado YTALO THIAGO SANTOS FARIAS, para o cargo em comiss\u00e3o de Secret\u00e1rio &#8211; CCCA-1, da Secretaria de Servi\u00e7os P\u00fablicos e Sustentabilidade.<\/p>\n<p style=\"text-align: justify;\">Nomeada JULIANA GOUVEIA ALVES DA SILVA, para o cargo em comiss\u00e3o de Secret\u00e1ria \u2013 CCCA-1, da Secretaria de Pol\u00edticas para Mulheres, com efeitos.<\/p>\n<p style=\"text-align: justify;\">Nomeado ANGELO DIMITRE BEZERRA ALMEIDA DA SILVA, para o cargo em comiss\u00e3o de Procurador Geral do Munic\u00edpio \u2013 CCCA-03, da Controladoria Geral do Munic\u00edpio.<\/p>\n<p style=\"text-align: justify;\">Nomeado DIOGO DE CARVALHO BEZERRA, para o cargo em comiss\u00e3o de Presidente &#8211; CCCA-1, da Autarquia de Mobilidade, Tr\u00e2nsito e Transporte de Caruaru &#8211; AMTTC.<\/p>\n<p style=\"text-align: justify;\">Nomeado FRANCISCO DE ASSIS BATISTA DA SILVA, para o cargo em comiss\u00e3o de Presidente &#8211; CCCA-1, da Autarquia de Urbaniza\u00e7\u00e3o e Meio Ambiente de Caruaru \u2013 URB Caruaru.<\/p>\n<p style=\"text-align: justify;\">Nomeada B\u00c1RBARA DE ASSIS FLOR\u00caNCIO,\u00a0para o cargo em comiss\u00e3o de Diretora-Presidente &#8211; CCPE-1, do Instituto de<br \/>\nPrevid\u00eancia dos Servidores Municipais de Caruaru &#8211; CARUARUPREV.<\/p>\n<p style=\"text-align: justify;\">Nomeada THALLYTA FIGUEROA PEIXOTO, para o cargo em comiss\u00e3o de Presidente &#8211; CCCA-1, da Central de Abastecimento de Caruaru &#8211; CEACA.<\/p>\n<p style=\"text-align: justify;\">Nomear RUBENS RODRIGUES DA SILVA JUNIOR, para o cargo em comiss\u00e3o de Presidente &#8211; CCCA-1, da Funda\u00e7\u00e3o de Cultura de Caruaru.<\/p>\n","protected":false},"excerpt":{"rendered":"<p>A prefeita de Caruaru, Raquel Lyra (PSDB), publicou no Di\u00e1rio Oficial desse s\u00e1bado (02), 644 exonera\u00e7\u00f5es. Ficam exonerados todos os&hellip;<\/p>\n","protected":false},"author":1,"featured_media":65375,"comment_status":"open","ping_status":"open","sticky":false,"template":"","format":"standard","meta":{"footnotes":""},"categories":[14122],"tags":[2,19418,1950,20,20524,1951,1229],"class_list":["post-65374","post","type-post","status-publish","format-standard","has-post-thumbnail","hentry","category-politica","tag-blog-do-edvaldo-magalhaes","tag-blog-mais-acessado-de-caruaru-e-regiao","tag-noticias-de-caruaru","tag-politica","tag-prefeitura-de-caruaru-exonera-servidores-comissionados-e-rescinde-contratos-temporarios","tag-psdb","tag-raquel-lyra"],"_links":{"self":[{"href":"https:\/\/blogdoedvaldomagalhaes.com.br\/index.php\/wp-json\/wp\/v2\/posts\/65374","targetHints":{"allow":["GET"]}}],"collection":[{"href":"https:\/\/blogdoedvaldomagalhaes.com.br\/index.php\/wp-json\/wp\/v2\/posts"}],"about":[{"href":"https:\/\/blogdoedvaldomagalhaes.com.br\/index.php\/wp-json\/wp\/v2\/types\/post"}],"author":[{"embeddable":true,"href":"https:\/\/blogdoedvaldomagalhaes.com.br\/index.php\/wp-json\/wp\/v2\/users\/1"}],"replies":[{"embeddable":true,"href":"https:\/\/blogdoedvaldomagalhaes.com.br\/index.php\/wp-json\/wp\/v2\/comments?post=65374"}],"version-history":[{"count":12,"href":"https:\/\/blogdoedvaldomagalhaes.com.br\/index.php\/wp-json\/wp\/v2\/posts\/65374\/revisions"}],"predecessor-version":[{"id":65394,"href":"https:\/\/blogdoedvaldomagalhaes.com.br\/index.php\/wp-json\/wp\/v2\/posts\/65374\/revisions\/65394"}],"wp:featuredmedia":[{"embeddable":true,"href":"https:\/\/blogdoedvaldomagalhaes.com.br\/index.php\/wp-json\/wp\/v2\/media\/65375"}],"wp:attachment":[{"href":"https:\/\/blogdoedvaldomagalhaes.com.br\/index.php\/wp-json\/wp\/v2\/media?parent=65374"}],"wp:term":[{"taxonomy":"category","embeddable":true,"href":"https:\/\/blogdoedvaldomagalhaes.com.br\/index.php\/wp-json\/wp\/v2\/categories?post=65374"},{"taxonomy":"post_tag","embeddable":true,"href":"https:\/\/blogdoedvaldomagalhaes.com.br\/index.php\/wp-json\/wp\/v2\/tags?post=65374"}],"curies":[{"name":"wp","href":"https:\/\/api.w.org\/{rel}","templated":true}]}}