{"id":65364,"date":"2021-01-03T20:11:57","date_gmt":"2021-01-03T23:11:57","guid":{"rendered":"https:\/\/blogdoedvaldomagalhaes.com.br\/?p=65364"},"modified":"2021-01-03T20:54:09","modified_gmt":"2021-01-03T23:54:09","slug":"pernambuco-tem-mais-de-190-mil-pacientes-recuperados-de-covid-19","status":"publish","type":"post","link":"https:\/\/blogdoedvaldomagalhaes.com.br\/index.php\/2021\/01\/03\/pernambuco-tem-mais-de-190-mil-pacientes-recuperados-de-covid-19\/","title":{"rendered":"Pernambuco tem mais de 190 mil pacientes recuperados de covid-19"},"content":{"rendered":"<p style=\"text-align: justify;\">A Secretaria Estadual \u00a0de Sa\u00fade (SES-PE) registrou, neste domingo (03\/01), \u00a0215 casos \u00a0da \u00a0Covid- 19. Entre os confirmados hoje, 15 (7%) s\u00e3o casos de S\u00edndrome Respirat\u00f3ria Aguda Grave (SRAG) e 200 \u00a0(93%) \u00a0s\u00e3o leves. Agora, Pernambuco totaliza \u00a0223.540 \u00a0casos confirmados da \u00a0doen\u00e7a, \u00a0sendo 29.450 graves e 194.090 leves, que est\u00e3o distribu\u00eddos por todos os 184 munic\u00edpios pernambucanos, al\u00e9m do arquip\u00e9lago de Fernando de Noronha.<br \/><br \/>Al\u00e9m disso, o boletim registra um total de 190.917 pacientes recuperados da doen\u00e7a. Destes, 18.430 eram pacientes graves, que necessitaram de internamento hospitalar, e 172.487 eram casos leves.<br \/><br \/>Tamb\u00e9m foram confirmados laboratorialmente 5 novos \u00f3bitos (2 masculinos e 3 femininos), registrados entre os dias 17\/12\/2020 e 02\/01\/2021. As novas mortes s\u00e3o de pessoas residentes dos munic\u00edpios de Camaragibe (1), Recife (3) e Terra Nova (1). Com isso, o Estado totaliza 9.679 mortes pela doen\u00e7a.<br \/><br \/>Os pacientes tinham idades entre 47 e 62 anos. As faixas et\u00e1rias s\u00e3o: 40 a 49 (1), 50 a 59 (2), 60 a 69 (2). Do total, 4 tinham doen\u00e7as pr\u00e9-existentes: doen\u00e7a cardiovascular (4), diabetes (2), obesidade (1) &#8211; um paciente pode ter mais de uma comorbidade. Um caso est\u00e1 em investiga\u00e7\u00e3o.<br \/><br \/>Com rela\u00e7\u00e3o \u00e0 testagem dos profissionais de sa\u00fade com sintomas de gripe, em Pernambuco, at\u00e9 agora, 24.326 casos foram confirmados e 43.935 descartados. As testagens entre os trabalhadores do setor abrangem os profissionais de todas as unidades de sa\u00fade, sejam da rede p\u00fablica (estadual e municipal) ou privada. O Governo de Pernambuco foi o primeiro do pa\u00eds a criar um protocolo para testar e afastar os profissionais da \u00e1rea da sa\u00fade com sintomas gripais.<\/p>\n<p>Foto: Piero Cruciatti\/AFP.<\/p>\n\n\n<figure class=\"wp-block-image size-large\"><img loading=\"lazy\" decoding=\"async\" width=\"1024\" height=\"819\" src=\"https:\/\/blogdoedvaldomagalhaes.com.br\/wp-content\/uploads\/2021\/01\/FB_IMG_1609715002731-1024x819.jpg\" alt=\"\" class=\"wp-image-65365\" srcset=\"https:\/\/blogdoedvaldomagalhaes.com.br\/wp-content\/uploads\/2021\/01\/FB_IMG_1609715002731-1024x819.jpg 1024w, https:\/\/blogdoedvaldomagalhaes.com.br\/wp-content\/uploads\/2021\/01\/FB_IMG_1609715002731-300x240.jpg 300w, https:\/\/blogdoedvaldomagalhaes.com.br\/wp-content\/uploads\/2021\/01\/FB_IMG_1609715002731-768x614.jpg 768w, https:\/\/blogdoedvaldomagalhaes.com.br\/wp-content\/uploads\/2021\/01\/FB_IMG_1609715002731.jpg 1080w\" sizes=\"auto, (max-width: 1024px) 100vw, 1024px\" \/><\/figure>\n","protected":false},"excerpt":{"rendered":"<p>A Secretaria Estadual \u00a0de Sa\u00fade (SES-PE) registrou, neste domingo (03\/01), \u00a0215 casos \u00a0da \u00a0Covid- 19. Entre os confirmados hoje, 15&hellip;<\/p>\n","protected":false},"author":1,"featured_media":65366,"comment_status":"open","ping_status":"open","sticky":false,"template":"","format":"standard","meta":{"footnotes":""},"categories":[14120],"tags":[2,19532,6,19670,20520],"class_list":["post-65364","post","type-post","status-publish","format-standard","has-post-thumbnail","hentry","category-noticias","tag-blog-do-edvaldo-magalhaes","tag-blog-mais-acessado-e-visualizado-de-caruaru-e-regiao","tag-noticias","tag-novo-coronavirus","tag-pernambuco-tem-mais-de-190-mil-pacientes-recuperados-de-covid-19"],"_links":{"self":[{"href":"https:\/\/blogdoedvaldomagalhaes.com.br\/index.php\/wp-json\/wp\/v2\/posts\/65364","targetHints":{"allow":["GET"]}}],"collection":[{"href":"https:\/\/blogdoedvaldomagalhaes.com.br\/index.php\/wp-json\/wp\/v2\/posts"}],"about":[{"href":"https:\/\/blogdoedvaldomagalhaes.com.br\/index.php\/wp-json\/wp\/v2\/types\/post"}],"author":[{"embeddable":true,"href":"https:\/\/blogdoedvaldomagalhaes.com.br\/index.php\/wp-json\/wp\/v2\/users\/1"}],"replies":[{"embeddable":true,"href":"https:\/\/blogdoedvaldomagalhaes.com.br\/index.php\/wp-json\/wp\/v2\/comments?post=65364"}],"version-history":[{"count":2,"href":"https:\/\/blogdoedvaldomagalhaes.com.br\/index.php\/wp-json\/wp\/v2\/posts\/65364\/revisions"}],"predecessor-version":[{"id":65373,"href":"https:\/\/blogdoedvaldomagalhaes.com.br\/index.php\/wp-json\/wp\/v2\/posts\/65364\/revisions\/65373"}],"wp:featuredmedia":[{"embeddable":true,"href":"https:\/\/blogdoedvaldomagalhaes.com.br\/index.php\/wp-json\/wp\/v2\/media\/65366"}],"wp:attachment":[{"href":"https:\/\/blogdoedvaldomagalhaes.com.br\/index.php\/wp-json\/wp\/v2\/media?parent=65364"}],"wp:term":[{"taxonomy":"category","embeddable":true,"href":"https:\/\/blogdoedvaldomagalhaes.com.br\/index.php\/wp-json\/wp\/v2\/categories?post=65364"},{"taxonomy":"post_tag","embeddable":true,"href":"https:\/\/blogdoedvaldomagalhaes.com.br\/index.php\/wp-json\/wp\/v2\/tags?post=65364"}],"curies":[{"name":"wp","href":"https:\/\/api.w.org\/{rel}","templated":true}]}}