{"id":65361,"date":"2021-01-03T17:51:02","date_gmt":"2021-01-03T20:51:02","guid":{"rendered":"https:\/\/blogdoedvaldomagalhaes.com.br\/?p=65361"},"modified":"2021-01-03T17:51:03","modified_gmt":"2021-01-03T20:51:03","slug":"confira-o-2-bloco-de-nomeacoes-e-transferencias-de-padres-da-diocese-de-caruaru","status":"publish","type":"post","link":"https:\/\/blogdoedvaldomagalhaes.com.br\/index.php\/2021\/01\/03\/confira-o-2-bloco-de-nomeacoes-e-transferencias-de-padres-da-diocese-de-caruaru\/","title":{"rendered":"Confira o 2\u00b0 bloco de nomea\u00e7\u00f5es e transfer\u00eancias de padres da Diocese de Caruaru"},"content":{"rendered":"<p style=\"text-align: justify;\">O bispo da Diocese de Caruaru, Dom Jos\u00e9 Ruy Gon\u00e7alves Lopes, anunciou atrav\u00e9s das redes sociais,\u00a0 o segundo bloco de nomea\u00e7\u00f5es e transfer\u00eancias dos padres. As posses devem acontecer a partir de fevereiro<\/p>\n<p style=\"text-align: justify;\"><strong>Confira as nomea\u00e7\u00f5es da Diocese de Caruaru:<\/strong><br \/>\nPe. Adriano Manuel da Silva &#8211; P\u00e1roco da Par\u00f3quia Nossa Senhora das Gra\u00e7as (Caruaru)<br \/>\nPe. Ant\u00f4nio Quirino da Silva &#8211; Reitor da Igreja Nossa Senhora Auxiliadora, Par\u00f3quia Sagrada Fam\u00edlia (Caruaru)<br \/>\nPe. Alu\u00edzio Ricardo Aleixo &#8211; Of\u00edcio de chanceler do bispado<br \/>\nFrei Abelardo Jos\u00e9 de Oliveira &#8211; Of\u00edcio de moderador de C\u00faria Diocesana<br \/>\nPe. Carlos Augusto do Nascimento &#8211; Vig\u00e1rio da Par\u00f3quia Nossa Senhora de Guadalupe (Caruaru)<br \/>\nPe. Edson Alves da Cunha &#8211; Vig\u00e1rio da Par\u00f3quia S\u00e3o Caetano (S\u00e3o Caitano)<br \/>\nPe. Emerson Mozart da Silva &#8211; P\u00e1roco da Par\u00f3quia Nossa Senhora Aparecida (Caruaru)<br \/>\nPe. Everaldo Fernandes da Silva &#8211; Capel\u00e3o do Col\u00e9gio Sagrado Cora\u00e7\u00e3o de Jesus (Caruaru)<br \/>\nPe. F\u00e1bio Severino da Silva &#8211; Vig\u00e1rio Paroquial da Par\u00f3quia Santo Ant\u00f4nio (Agrestina)<br \/>\nPe. Jean Lucas Bezerra da Silva &#8211; Administrador da futura Par\u00f3quia S\u00e3o Jos\u00e9 no Alto do Moura (Caruaru)<br \/>\nPe. Jos\u00e9 Adjacl\u00e9cio da Silva &#8211; Administrados da futura \u00e1rea pastoral Nossa Senhora da Salete (Caruaru)<br \/>\nPe. Jos\u00e9 Bartolomeu F\u00e9lix de Lima &#8211; P\u00e1roco da Par\u00f3quia da Natividade do Senhor (Caruaru)<br \/>\nPe. Jos\u00e9 Fernando da Silva &#8211; Vig\u00e1rio da Par\u00f3quia Cristo Rei do Universo (S\u00e3o Caitano)<br \/>\nPe. Josivan Nunes de Andrade &#8211; Vig\u00e1rio da Par\u00f3quia Nossa Senhora Aparecida (Santa Cruz do Capibaribe)<br \/>\nPe. Josu\u00e9 Jos\u00e9 de Torres &#8211; Administrador da futura \u00c1rea Pastoral Nossa Senhora do Livramento (Riacho das Almas)<br \/>\nPe. Lu\u00eds Carlos do Nascimento &#8211; Vig\u00e1rio da Par\u00f3quia Nossa Senhora do Ros\u00e1rio (Caruaru)<br \/>\nPe. S\u00e9rgio Fernando de Albuquerque Lima &#8211; Mission\u00e1rio Fidei Donum na Diocese de Petrolina<br \/>\nPe. Wilson Nunes de Andrade &#8211; Vig\u00e1rio da Par\u00f3quia do Senhor Bom Jesus dos Aflitos e S\u00e3o Miguel (Santa Cruz do Capibaribe).<\/p>\n<p>Foto: Diocese de Caruaru\/Divulga\u00e7\u00e3o.<\/p>\n","protected":false},"excerpt":{"rendered":"<p>O bispo da Diocese de Caruaru, Dom Jos\u00e9 Ruy Gon\u00e7alves Lopes, anunciou atrav\u00e9s das redes sociais,\u00a0 o segundo bloco de&hellip;<\/p>\n","protected":false},"author":1,"featured_media":65362,"comment_status":"open","ping_status":"open","sticky":false,"template":"","format":"standard","meta":{"footnotes":""},"categories":[14120],"tags":[2,19418,20519,1950],"class_list":["post-65361","post","type-post","status-publish","format-standard","has-post-thumbnail","hentry","category-noticias","tag-blog-do-edvaldo-magalhaes","tag-blog-mais-acessado-de-caruaru-e-regiao","tag-confira-o-2-bloco-de-nomeacoes-e-transferencias-de-padres-da-diocese-de-caruaru","tag-noticias-de-caruaru"],"_links":{"self":[{"href":"https:\/\/blogdoedvaldomagalhaes.com.br\/index.php\/wp-json\/wp\/v2\/posts\/65361","targetHints":{"allow":["GET"]}}],"collection":[{"href":"https:\/\/blogdoedvaldomagalhaes.com.br\/index.php\/wp-json\/wp\/v2\/posts"}],"about":[{"href":"https:\/\/blogdoedvaldomagalhaes.com.br\/index.php\/wp-json\/wp\/v2\/types\/post"}],"author":[{"embeddable":true,"href":"https:\/\/blogdoedvaldomagalhaes.com.br\/index.php\/wp-json\/wp\/v2\/users\/1"}],"replies":[{"embeddable":true,"href":"https:\/\/blogdoedvaldomagalhaes.com.br\/index.php\/wp-json\/wp\/v2\/comments?post=65361"}],"version-history":[{"count":1,"href":"https:\/\/blogdoedvaldomagalhaes.com.br\/index.php\/wp-json\/wp\/v2\/posts\/65361\/revisions"}],"predecessor-version":[{"id":65363,"href":"https:\/\/blogdoedvaldomagalhaes.com.br\/index.php\/wp-json\/wp\/v2\/posts\/65361\/revisions\/65363"}],"wp:featuredmedia":[{"embeddable":true,"href":"https:\/\/blogdoedvaldomagalhaes.com.br\/index.php\/wp-json\/wp\/v2\/media\/65362"}],"wp:attachment":[{"href":"https:\/\/blogdoedvaldomagalhaes.com.br\/index.php\/wp-json\/wp\/v2\/media?parent=65361"}],"wp:term":[{"taxonomy":"category","embeddable":true,"href":"https:\/\/blogdoedvaldomagalhaes.com.br\/index.php\/wp-json\/wp\/v2\/categories?post=65361"},{"taxonomy":"post_tag","embeddable":true,"href":"https:\/\/blogdoedvaldomagalhaes.com.br\/index.php\/wp-json\/wp\/v2\/tags?post=65361"}],"curies":[{"name":"wp","href":"https:\/\/api.w.org\/{rel}","templated":true}]}}