{"id":65354,"date":"2021-01-03T12:09:23","date_gmt":"2021-01-03T15:09:23","guid":{"rendered":"https:\/\/blogdoedvaldomagalhaes.com.br\/?p=65354"},"modified":"2021-01-03T12:09:24","modified_gmt":"2021-01-03T15:09:24","slug":"suspeito-e-preso-por-arremessar-pedras-em-veiculos-na-br-232","status":"publish","type":"post","link":"https:\/\/blogdoedvaldomagalhaes.com.br\/index.php\/2021\/01\/03\/suspeito-e-preso-por-arremessar-pedras-em-veiculos-na-br-232\/","title":{"rendered":"Suspeito \u00e9 preso por arremessar pedras em ve\u00edculos na BR 232"},"content":{"rendered":"<p style=\"text-align: justify;\">Policiais militares do 4\u00ba BPM, em apoio \u00e0 PRF prendeu, na noite de ontem (02), na BR 232, em Caruaru, um suspeito de 18 anos. Ele teria arremessado pedras em caminh\u00f5es e \u00f4nibus na via.<\/p>\n<p style=\"text-align: justify;\">Ao receber as informa\u00e7\u00f5es sobre os parabrisas danificados na rodovia, os policiais realizaram diversas dilig\u00eancias e localizaram o jovem que foi reconhecido por duas v\u00edtimas. Ele foi encaminhado \u00e0 delegacia de Pol\u00edcia Civil de Caruaru para serem adotadas as medidas cab\u00edveis.<\/p>\n\n\n<figure class=\"wp-block-image size-large\"><img loading=\"lazy\" decoding=\"async\" width=\"1024\" height=\"768\" src=\"https:\/\/blogdoedvaldomagalhaes.com.br\/wp-content\/uploads\/2021\/01\/IMG-20210103-WA0074-1024x768.jpg\" alt=\"\" class=\"wp-image-65356\" srcset=\"https:\/\/blogdoedvaldomagalhaes.com.br\/wp-content\/uploads\/2021\/01\/IMG-20210103-WA0074-1024x768.jpg 1024w, https:\/\/blogdoedvaldomagalhaes.com.br\/wp-content\/uploads\/2021\/01\/IMG-20210103-WA0074-300x225.jpg 300w, https:\/\/blogdoedvaldomagalhaes.com.br\/wp-content\/uploads\/2021\/01\/IMG-20210103-WA0074-768x576.jpg 768w, https:\/\/blogdoedvaldomagalhaes.com.br\/wp-content\/uploads\/2021\/01\/IMG-20210103-WA0074-160x120.jpg 160w, https:\/\/blogdoedvaldomagalhaes.com.br\/wp-content\/uploads\/2021\/01\/IMG-20210103-WA0074.jpg 1280w\" sizes=\"auto, (max-width: 1024px) 100vw, 1024px\" \/><\/figure>\n\n\n\n<figure class=\"wp-block-image size-large\"><img loading=\"lazy\" decoding=\"async\" width=\"1024\" height=\"768\" src=\"https:\/\/blogdoedvaldomagalhaes.com.br\/wp-content\/uploads\/2021\/01\/IMG-20210103-WA0075-1024x768.jpg\" alt=\"\" class=\"wp-image-65357\" srcset=\"https:\/\/blogdoedvaldomagalhaes.com.br\/wp-content\/uploads\/2021\/01\/IMG-20210103-WA0075-1024x768.jpg 1024w, https:\/\/blogdoedvaldomagalhaes.com.br\/wp-content\/uploads\/2021\/01\/IMG-20210103-WA0075-300x225.jpg 300w, https:\/\/blogdoedvaldomagalhaes.com.br\/wp-content\/uploads\/2021\/01\/IMG-20210103-WA0075-768x576.jpg 768w, https:\/\/blogdoedvaldomagalhaes.com.br\/wp-content\/uploads\/2021\/01\/IMG-20210103-WA0075-160x120.jpg 160w, https:\/\/blogdoedvaldomagalhaes.com.br\/wp-content\/uploads\/2021\/01\/IMG-20210103-WA0075.jpg 1280w\" sizes=\"auto, (max-width: 1024px) 100vw, 1024px\" \/><\/figure>\n","protected":false},"excerpt":{"rendered":"<p>Policiais militares do 4\u00ba BPM, em apoio \u00e0 PRF prendeu, na noite de ontem (02), na BR 232, em Caruaru,&hellip;<\/p>\n","protected":false},"author":1,"featured_media":65355,"comment_status":"open","ping_status":"open","sticky":false,"template":"","format":"standard","meta":{"footnotes":""},"categories":[14121],"tags":[2,19418,6,20517],"class_list":["post-65354","post","type-post","status-publish","format-standard","has-post-thumbnail","hentry","category-policial","tag-blog-do-edvaldo-magalhaes","tag-blog-mais-acessado-de-caruaru-e-regiao","tag-noticias","tag-suspeito-e-preso-por-arremessar-pedras-em-veiculos-na-br-232"],"_links":{"self":[{"href":"https:\/\/blogdoedvaldomagalhaes.com.br\/index.php\/wp-json\/wp\/v2\/posts\/65354","targetHints":{"allow":["GET"]}}],"collection":[{"href":"https:\/\/blogdoedvaldomagalhaes.com.br\/index.php\/wp-json\/wp\/v2\/posts"}],"about":[{"href":"https:\/\/blogdoedvaldomagalhaes.com.br\/index.php\/wp-json\/wp\/v2\/types\/post"}],"author":[{"embeddable":true,"href":"https:\/\/blogdoedvaldomagalhaes.com.br\/index.php\/wp-json\/wp\/v2\/users\/1"}],"replies":[{"embeddable":true,"href":"https:\/\/blogdoedvaldomagalhaes.com.br\/index.php\/wp-json\/wp\/v2\/comments?post=65354"}],"version-history":[{"count":1,"href":"https:\/\/blogdoedvaldomagalhaes.com.br\/index.php\/wp-json\/wp\/v2\/posts\/65354\/revisions"}],"predecessor-version":[{"id":65358,"href":"https:\/\/blogdoedvaldomagalhaes.com.br\/index.php\/wp-json\/wp\/v2\/posts\/65354\/revisions\/65358"}],"wp:featuredmedia":[{"embeddable":true,"href":"https:\/\/blogdoedvaldomagalhaes.com.br\/index.php\/wp-json\/wp\/v2\/media\/65355"}],"wp:attachment":[{"href":"https:\/\/blogdoedvaldomagalhaes.com.br\/index.php\/wp-json\/wp\/v2\/media?parent=65354"}],"wp:term":[{"taxonomy":"category","embeddable":true,"href":"https:\/\/blogdoedvaldomagalhaes.com.br\/index.php\/wp-json\/wp\/v2\/categories?post=65354"},{"taxonomy":"post_tag","embeddable":true,"href":"https:\/\/blogdoedvaldomagalhaes.com.br\/index.php\/wp-json\/wp\/v2\/tags?post=65354"}],"curies":[{"name":"wp","href":"https:\/\/api.w.org\/{rel}","templated":true}]}}